{"id":9656,"date":"2025-07-02T12:31:38","date_gmt":"2025-07-02T10:31:38","guid":{"rendered":"https:\/\/klimaatcoalitie.be\/?p=9656"},"modified":"2025-07-02T14:55:56","modified_gmt":"2025-07-02T12:55:56","slug":"face-a-la-canicule-les-ministres-du-climat-adopteront-ils-enfin-les-bons-reflexes","status":"publish","type":"post","link":"https:\/\/klimaatcoalitie-coalitionclimat.be\/fr\/face-a-la-canicule-les-ministres-du-climat-adopteront-ils-enfin-les-bons-reflexes\/","title":{"rendered":"Face \u00e0 la canicule, les ministres du Climat adopteront-ils enfin les bons r\u00e9flexes ?\u00a0"},"content":{"rendered":"\n<p class=\"has-text-align-center\"><\/p>\n\n\n\n<p><\/p>\n\n\n\n<p><strong>La Belgique a enfin une opportunit\u00e9 d\u2019agir pour le climat sur la sc\u00e8ne europ\u00e9enne en soutenant la proposition de la Commission d\u2019une r\u00e9duction de -90% des \u00e9missions de gaz \u00e0 effet de serre d\u2019ici 2040. Alors que le thermom\u00e8tre s\u2019affole, il est indispensable de prendre les mesures qui minimiseront la mont\u00e9e du mercure dans le futur.<\/strong><br><\/p>\n\n\n\n<p>En cas de canicule, il est primordial d\u2019adopter les bons r\u00e9flexes. Si s\u2019hydrater et \u00e9viter de s\u2019exposer au soleil permettent aux Belges de relativement limiter l\u2019impact de la vague de chaleur pendant quelques jours, les gouvernements doivent faire preuve d\u2019une r\u00e9elle ambition climatique pour prot\u00e9ger le royaume dans le futur. La Coalition Climat presse les ministres du Climat ; Jean-Luc Crucke, M\u00e9lissa Depraetere, C\u00e9cile Neven et Alain Maron, de s\u2019adresser enfin aux racines du probl\u00e8me.&nbsp;<\/p>\n\n\n\n<p><\/p>\n\n\n\n<p>La combustion des \u00e9nergies fossiles et la destruction des for\u00eats et oc\u00e9ans entra\u00eenent le d\u00e9r\u00e8glement climatique dans une spirale infernale, dont ce d\u00e9but juillet n\u2019est qu\u2019un \u00e9chantillon. Dans ce monde o\u00f9 la barre symbolique de 1,5\u00b0C de r\u00e9chauffement pourrait \u00eatre d\u00e9pass\u00e9e d\u2019ici trois ans, chaque dixi\u00e8me de degr\u00e9 compte. L\u2019Union europ\u00e9enne, troisi\u00e8me responsable historique des \u00e9missions de gaz \u00e0 effet de serre, a par cons\u00e9quent un&nbsp; r\u00f4le important \u00e0 jouer, tout comme la Belgique.&nbsp;<\/p>\n\n\n\n<p><\/p>\n\n\n\n<p>Hasard du calendrier, les 38\u00b0C de ces jours-ci co\u00efncident avec la proposition de la Commission europ\u00e9enne de d\u00e9finir l\u2019ambition climatique de l\u2019union \u00e0 l\u2019horizon 2040, comme le pr\u00e9voit sa loi climat. Elle enjoint les Etats-membres \u00e0 se prononcer en faveur d\u2019une r\u00e9duction de 90% de nos \u00e9missions de gaz \u00e0 effet de serre, le strict minimum le <a href=\"https:\/\/climate-advisory-board.europa.eu\/reports-and-publications\/scientific-advice-for-amending-the-european-climate-law-setting-climate-goals-to-strengthen-eu-strategic-priorities?b_size=9&amp;query=%5B%7B%22i%22%3A%22portal_type%22%2C%22o%22%3A%22paqo.selection.any%22%2C%22v%22%3A%5B%22report%22%2C%22publication%22%5D%7D%2C%7B%22i%22%3A%22review_state%22%2C%22o%22%3A%22paqo.selection.any%22%2C%22v%22%3A%5B%22published%22%5D%7D%5D&amp;sort_on=effective&amp;sort_order=descending\">Conseil scientifique consultatif europ\u00e9en sur le changement climatique<\/a>.&nbsp;<\/p>\n\n\n\n<p>La copie est n\u00e9anmoins partiellement \u00e0 revoir puisqu\u2019elle inclut le recours \u00e0 des flexibilit\u00e9s telles que l\u2019utilisation de cr\u00e9dits carbone internationaux, une fa\u00e7on d\u2019externaliser les efforts domestiques. Ces cr\u00e9dits sont un \u00e9cran de fum\u00e9e parce qu\u2019ils <a href=\"https:\/\/www.source-material.org\/vercompanies-carbon-offsetting-claims-inflated-methodologies-flawed\/\">sur\u00e9valuent d\u00e9mesur\u00e9ment leur impact r\u00e9el, ne menant donc \u00e0 aucune r\u00e9duction des \u00e9missions<\/a>.<\/p>\n\n\n\n<blockquote class=\"wp-block-quote is-layout-flow wp-block-quote-is-layout-flow\">\n<p><br>Pour Nadia Cornejo vice-pr\u00e9sidente de la Coalition Climat, \u201c<em>Depuis leur cr\u00e9ation, les coalitions miroirs conditionnent l\u2019action climatique \u00e0 la comp\u00e9titivit\u00e9 mais cette canicule nous rappelle qu\u2019il faut \u00eatre irresponsable et aveugle pour croire en cette fable. Comment&nbsp; peut-on contribuer \u00e0 la prosp\u00e9rit\u00e9 \u00e9conomique lorsque la chaleur nous emp\u00eache de dormir, de travailler ou d\u2019aller \u00e0 l\u2019\u00e9cole&nbsp; ou pire quand elle \u00f4te des vies ? La comp\u00e9titivit\u00e9 d\u00e9coulera d\u2019un Objectif 2040 ambitieux<\/em>.\u201d&nbsp;<\/p>\n<\/blockquote>\n\n\n\n<p><\/p>\n\n\n\n<p>Les scientifiques sont du m\u00eame avis puisqu\u2019il pr\u00e9cisait d\u00e9but juin qu\u2019un objectif de 90% renforcerait la comp\u00e9titivit\u00e9 europ\u00e9enne en diminuant le prix de l\u2019\u00e9nergie pour les particuliers et les entreprises, gr\u00e2ce \u00e0 une r\u00e9orientation des investissements dans les secteurs du futur, une diminution de notre d\u00e9pendance aux \u00e9nergies fossiles et une innovation renforc\u00e9e.<\/p>\n\n\n\n<p><\/p>\n\n\n\n<p><strong>Porte-parole <\/strong><\/p>\n\n\n\n<p>Nadia Cornejo, vice-pr\u00e9sidente de la Coalition Climat<\/p>\n\n\n\n<p>Tel: +32 485 89 16 70<\/p>\n\n\n\n<p><\/p>\n","protected":false},"excerpt":{"rendered":"<p>La Belgique a enfin une opportunit\u00e9 d\u2019agir pour le climat sur la sc\u00e8ne europ\u00e9enne en soutenant la proposition de la Commission d\u2019une r\u00e9duction de -90% des \u00e9missions de gaz \u00e0 [&hellip;]<\/p>\n","protected":false},"author":143,"featured_media":9671,"comment_status":"closed","ping_status":"closed","sticky":false,"template":"","format":"standard","meta":{"_acf_changed":false,"inline_featured_image":false,"_EventAllDay":false,"_EventTimezone":"","_EventStartDate":"","_EventEndDate":"","_EventStartDateUTC":"","_EventEndDateUTC":"","_EventShowMap":false,"_EventShowMapLink":false,"_EventURL":"","_EventCost":"","_EventCostDescription":"","_EventCurrencySymbol":"","_EventCurrencyCode":"","_EventCurrencyPosition":"","_EventDateTimeSeparator":"","_EventTimeRangeSeparator":"","_EventOrganizerID":[],"_EventVenueID":[],"_OrganizerEmail":"","_OrganizerPhone":"","_OrganizerWebsite":"","_VenueAddress":"","_VenueCity":"","_VenueCountry":"","_VenueProvince":"","_VenueState":"","_VenueZip":"","_VenuePhone":"","_VenueURL":"","_VenueStateProvince":"","_VenueLat":"","_VenueLng":"","_VenueShowMap":false,"_VenueShowMapLink":false,"footnotes":""},"categories":[339],"tags":[],"class_list":["post-9656","post","type-post","status-publish","format-standard","has-post-thumbnail","hentry","category-non-classifiee"],"acf":[],"yoast_head":"<!-- This site is optimized with the Yoast SEO plugin v27.2 - https:\/\/yoast.com\/product\/yoast-seo-wordpress\/ -->\n<title>Face \u00e0 la canicule, les ministres du Climat adopteront-ils enfin les bons r\u00e9flexes ?\u00a0 - Coalition Climat<\/title>\n<meta name=\"robots\" content=\"index, follow, max-snippet:-1, max-image-preview:large, max-video-preview:-1\" \/>\n<link rel=\"canonical\" href=\"https:\/\/klimaatcoalitie-coalitionclimat.be\/fr\/face-a-la-canicule-les-ministres-du-climat-adopteront-ils-enfin-les-bons-reflexes\/\" \/>\n<meta property=\"og:locale\" content=\"fr_FR\" \/>\n<meta property=\"og:type\" content=\"article\" \/>\n<meta property=\"og:title\" content=\"Face \u00e0 la canicule, les ministres du Climat adopteront-ils enfin les bons r\u00e9flexes ?\u00a0 - Coalition Climat\" \/>\n<meta property=\"og:description\" content=\"La Belgique a enfin une opportunit\u00e9 d\u2019agir pour le climat sur la sc\u00e8ne europ\u00e9enne en soutenant la proposition de la Commission d\u2019une r\u00e9duction de -90% des \u00e9missions de gaz \u00e0 [&hellip;]\" \/>\n<meta property=\"og:url\" content=\"https:\/\/klimaatcoalitie-coalitionclimat.be\/fr\/face-a-la-canicule-les-ministres-du-climat-adopteront-ils-enfin-les-bons-reflexes\/\" \/>\n<meta property=\"og:site_name\" content=\"Coalition Climat\" \/>\n<meta property=\"article:published_time\" content=\"2025-07-02T10:31:38+00:00\" \/>\n<meta property=\"article:modified_time\" content=\"2025-07-02T12:55:56+00:00\" \/>\n<meta property=\"og:image\" content=\"https:\/\/klimaatcoalitie-coalitionclimat.be\/wp-content\/uploads\/2025\/07\/face-a-la-canicule-les-ministres-du-climat-adopteront-ils-enfin-les-bons-reflexes.png\" \/>\n\t<meta property=\"og:image:width\" content=\"1080\" \/>\n\t<meta property=\"og:image:height\" content=\"1080\" \/>\n\t<meta property=\"og:image:type\" content=\"image\/png\" \/>\n<meta name=\"author\" content=\"Amandine Sauvage\" \/>\n<meta name=\"twitter:card\" content=\"summary_large_image\" \/>\n<meta name=\"twitter:label1\" content=\"\u00c9crit par\" \/>\n\t<meta name=\"twitter:data1\" content=\"Amandine Sauvage\" \/>\n\t<meta name=\"twitter:label2\" content=\"Dur\u00e9e de lecture estim\u00e9e\" \/>\n\t<meta name=\"twitter:data2\" content=\"3 minutes\" \/>\n<script type=\"application\/ld+json\" class=\"yoast-schema-graph\">{\"@context\":\"https:\/\/schema.org\",\"@graph\":[{\"@type\":\"Article\",\"@id\":\"https:\/\/klimaatcoalitie-coalitionclimat.be\/fr\/face-a-la-canicule-les-ministres-du-climat-adopteront-ils-enfin-les-bons-reflexes\/#article\",\"isPartOf\":{\"@id\":\"https:\/\/klimaatcoalitie-coalitionclimat.be\/fr\/face-a-la-canicule-les-ministres-du-climat-adopteront-ils-enfin-les-bons-reflexes\/\"},\"author\":{\"name\":\"Amandine Sauvage\",\"@id\":\"https:\/\/klimaatcoalitie-coalitionclimat.be\/fr\/#\/schema\/person\/40203e1ad8912523897e565968428583\"},\"headline\":\"Face \u00e0 la canicule, les ministres du Climat adopteront-ils enfin les bons r\u00e9flexes ?\u00a0\",\"datePublished\":\"2025-07-02T10:31:38+00:00\",\"dateModified\":\"2025-07-02T12:55:56+00:00\",\"mainEntityOfPage\":{\"@id\":\"https:\/\/klimaatcoalitie-coalitionclimat.be\/fr\/face-a-la-canicule-les-ministres-du-climat-adopteront-ils-enfin-les-bons-reflexes\/\"},\"wordCount\":541,\"publisher\":{\"@id\":\"https:\/\/klimaatcoalitie-coalitionclimat.be\/fr\/#organization\"},\"image\":{\"@id\":\"https:\/\/klimaatcoalitie-coalitionclimat.be\/fr\/face-a-la-canicule-les-ministres-du-climat-adopteront-ils-enfin-les-bons-reflexes\/#primaryimage\"},\"thumbnailUrl\":\"https:\/\/klimaatcoalitie-coalitionclimat.be\/wp-content\/uploads\/2025\/07\/face-a-la-canicule-les-ministres-du-climat-adopteront-ils-enfin-les-bons-reflexes.png\",\"articleSection\":[\"Non classifi\u00e9(e)\"],\"inLanguage\":\"fr-FR\"},{\"@type\":\"WebPage\",\"@id\":\"https:\/\/klimaatcoalitie-coalitionclimat.be\/fr\/face-a-la-canicule-les-ministres-du-climat-adopteront-ils-enfin-les-bons-reflexes\/\",\"url\":\"https:\/\/klimaatcoalitie-coalitionclimat.be\/fr\/face-a-la-canicule-les-ministres-du-climat-adopteront-ils-enfin-les-bons-reflexes\/\",\"name\":\"Face \u00e0 la canicule, les ministres du Climat adopteront-ils enfin les bons r\u00e9flexes ?\u00a0 - Coalition Climat\",\"isPartOf\":{\"@id\":\"https:\/\/klimaatcoalitie-coalitionclimat.be\/fr\/#website\"},\"primaryImageOfPage\":{\"@id\":\"https:\/\/klimaatcoalitie-coalitionclimat.be\/fr\/face-a-la-canicule-les-ministres-du-climat-adopteront-ils-enfin-les-bons-reflexes\/#primaryimage\"},\"image\":{\"@id\":\"https:\/\/klimaatcoalitie-coalitionclimat.be\/fr\/face-a-la-canicule-les-ministres-du-climat-adopteront-ils-enfin-les-bons-reflexes\/#primaryimage\"},\"thumbnailUrl\":\"https:\/\/klimaatcoalitie-coalitionclimat.be\/wp-content\/uploads\/2025\/07\/face-a-la-canicule-les-ministres-du-climat-adopteront-ils-enfin-les-bons-reflexes.png\",\"datePublished\":\"2025-07-02T10:31:38+00:00\",\"dateModified\":\"2025-07-02T12:55:56+00:00\",\"breadcrumb\":{\"@id\":\"https:\/\/klimaatcoalitie-coalitionclimat.be\/fr\/face-a-la-canicule-les-ministres-du-climat-adopteront-ils-enfin-les-bons-reflexes\/#breadcrumb\"},\"inLanguage\":\"fr-FR\",\"potentialAction\":[{\"@type\":\"ReadAction\",\"target\":[\"https:\/\/klimaatcoalitie-coalitionclimat.be\/fr\/face-a-la-canicule-les-ministres-du-climat-adopteront-ils-enfin-les-bons-reflexes\/\"]}]},{\"@type\":\"ImageObject\",\"inLanguage\":\"fr-FR\",\"@id\":\"https:\/\/klimaatcoalitie-coalitionclimat.be\/fr\/face-a-la-canicule-les-ministres-du-climat-adopteront-ils-enfin-les-bons-reflexes\/#primaryimage\",\"url\":\"https:\/\/klimaatcoalitie-coalitionclimat.be\/wp-content\/uploads\/2025\/07\/face-a-la-canicule-les-ministres-du-climat-adopteront-ils-enfin-les-bons-reflexes.png\",\"contentUrl\":\"https:\/\/klimaatcoalitie-coalitionclimat.be\/wp-content\/uploads\/2025\/07\/face-a-la-canicule-les-ministres-du-climat-adopteront-ils-enfin-les-bons-reflexes.png\",\"width\":1080,\"height\":1080},{\"@type\":\"BreadcrumbList\",\"@id\":\"https:\/\/klimaatcoalitie-coalitionclimat.be\/fr\/face-a-la-canicule-les-ministres-du-climat-adopteront-ils-enfin-les-bons-reflexes\/#breadcrumb\",\"itemListElement\":[{\"@type\":\"ListItem\",\"position\":1,\"name\":\"Accueil\",\"item\":\"https:\/\/klimaatcoalitie-coalitionclimat.be\/fr\/\"},{\"@type\":\"ListItem\",\"position\":2,\"name\":\"Face \u00e0 la canicule, les ministres du Climat adopteront-ils enfin les bons r\u00e9flexes ?\u00a0\"}]},{\"@type\":\"WebSite\",\"@id\":\"https:\/\/klimaatcoalitie-coalitionclimat.be\/fr\/#website\",\"url\":\"https:\/\/klimaatcoalitie-coalitionclimat.be\/fr\/\",\"name\":\"Coalition Climat\",\"description\":\"Verenigt, versterkt en mobiliseert iedereen in Belgi&euml; die ijvert voor een leefbaar klimaat.\",\"publisher\":{\"@id\":\"https:\/\/klimaatcoalitie-coalitionclimat.be\/fr\/#organization\"},\"potentialAction\":[{\"@type\":\"SearchAction\",\"target\":{\"@type\":\"EntryPoint\",\"urlTemplate\":\"https:\/\/klimaatcoalitie-coalitionclimat.be\/fr\/?s={search_term_string}\"},\"query-input\":{\"@type\":\"PropertyValueSpecification\",\"valueRequired\":true,\"valueName\":\"search_term_string\"}}],\"inLanguage\":\"fr-FR\"},{\"@type\":\"Organization\",\"@id\":\"https:\/\/klimaatcoalitie-coalitionclimat.be\/fr\/#organization\",\"name\":\"Coalition Climat\",\"url\":\"https:\/\/klimaatcoalitie-coalitionclimat.be\/fr\/\",\"logo\":{\"@type\":\"ImageObject\",\"inLanguage\":\"fr-FR\",\"@id\":\"https:\/\/klimaatcoalitie-coalitionclimat.be\/fr\/#\/schema\/logo\/image\/\",\"url\":\"https:\/\/klimaatcoalitie-coalitionclimat.be\/wp-content\/uploads\/2023\/07\/logo-sticker-full.svg\",\"contentUrl\":\"https:\/\/klimaatcoalitie-coalitionclimat.be\/wp-content\/uploads\/2023\/07\/logo-sticker-full.svg\",\"width\":297,\"height\":98,\"caption\":\"Coalition Climat\"},\"image\":{\"@id\":\"https:\/\/klimaatcoalitie-coalitionclimat.be\/fr\/#\/schema\/logo\/image\/\"}},{\"@type\":\"Person\",\"@id\":\"https:\/\/klimaatcoalitie-coalitionclimat.be\/fr\/#\/schema\/person\/40203e1ad8912523897e565968428583\",\"name\":\"Amandine Sauvage\",\"image\":{\"@type\":\"ImageObject\",\"inLanguage\":\"fr-FR\",\"@id\":\"https:\/\/klimaatcoalitie-coalitionclimat.be\/wp-content\/litespeed\/avatar\/e30d0e1f83d17fc3c2b653955974a45a.jpg?ver=1777301331\",\"url\":\"https:\/\/klimaatcoalitie-coalitionclimat.be\/wp-content\/litespeed\/avatar\/e30d0e1f83d17fc3c2b653955974a45a.jpg?ver=1777301331\",\"contentUrl\":\"https:\/\/klimaatcoalitie-coalitionclimat.be\/wp-content\/litespeed\/avatar\/e30d0e1f83d17fc3c2b653955974a45a.jpg?ver=1777301331\",\"caption\":\"Amandine Sauvage\"},\"url\":\"https:\/\/klimaatcoalitie-coalitionclimat.be\/fr\/author\/amandine\/\"}]}<\/script>\n<!-- \/ Yoast SEO plugin. -->","yoast_head_json":{"title":"Face \u00e0 la canicule, les ministres du Climat adopteront-ils enfin les bons r\u00e9flexes ?\u00a0 - Coalition Climat","robots":{"index":"index","follow":"follow","max-snippet":"max-snippet:-1","max-image-preview":"max-image-preview:large","max-video-preview":"max-video-preview:-1"},"canonical":"https:\/\/klimaatcoalitie-coalitionclimat.be\/fr\/face-a-la-canicule-les-ministres-du-climat-adopteront-ils-enfin-les-bons-reflexes\/","og_locale":"fr_FR","og_type":"article","og_title":"Face \u00e0 la canicule, les ministres du Climat adopteront-ils enfin les bons r\u00e9flexes ?\u00a0 - Coalition Climat","og_description":"La Belgique a enfin une opportunit\u00e9 d\u2019agir pour le climat sur la sc\u00e8ne europ\u00e9enne en soutenant la proposition de la Commission d\u2019une r\u00e9duction de -90% des \u00e9missions de gaz \u00e0 [&hellip;]","og_url":"https:\/\/klimaatcoalitie-coalitionclimat.be\/fr\/face-a-la-canicule-les-ministres-du-climat-adopteront-ils-enfin-les-bons-reflexes\/","og_site_name":"Coalition Climat","article_published_time":"2025-07-02T10:31:38+00:00","article_modified_time":"2025-07-02T12:55:56+00:00","og_image":[{"width":1080,"height":1080,"url":"https:\/\/klimaatcoalitie-coalitionclimat.be\/wp-content\/uploads\/2025\/07\/face-a-la-canicule-les-ministres-du-climat-adopteront-ils-enfin-les-bons-reflexes.png","type":"image\/png"}],"author":"Amandine Sauvage","twitter_card":"summary_large_image","twitter_misc":{"\u00c9crit par":"Amandine Sauvage","Dur\u00e9e de lecture estim\u00e9e":"3 minutes"},"schema":{"@context":"https:\/\/schema.org","@graph":[{"@type":"Article","@id":"https:\/\/klimaatcoalitie-coalitionclimat.be\/fr\/face-a-la-canicule-les-ministres-du-climat-adopteront-ils-enfin-les-bons-reflexes\/#article","isPartOf":{"@id":"https:\/\/klimaatcoalitie-coalitionclimat.be\/fr\/face-a-la-canicule-les-ministres-du-climat-adopteront-ils-enfin-les-bons-reflexes\/"},"author":{"name":"Amandine Sauvage","@id":"https:\/\/klimaatcoalitie-coalitionclimat.be\/fr\/#\/schema\/person\/40203e1ad8912523897e565968428583"},"headline":"Face \u00e0 la canicule, les ministres du Climat adopteront-ils enfin les bons r\u00e9flexes ?\u00a0","datePublished":"2025-07-02T10:31:38+00:00","dateModified":"2025-07-02T12:55:56+00:00","mainEntityOfPage":{"@id":"https:\/\/klimaatcoalitie-coalitionclimat.be\/fr\/face-a-la-canicule-les-ministres-du-climat-adopteront-ils-enfin-les-bons-reflexes\/"},"wordCount":541,"publisher":{"@id":"https:\/\/klimaatcoalitie-coalitionclimat.be\/fr\/#organization"},"image":{"@id":"https:\/\/klimaatcoalitie-coalitionclimat.be\/fr\/face-a-la-canicule-les-ministres-du-climat-adopteront-ils-enfin-les-bons-reflexes\/#primaryimage"},"thumbnailUrl":"https:\/\/klimaatcoalitie-coalitionclimat.be\/wp-content\/uploads\/2025\/07\/face-a-la-canicule-les-ministres-du-climat-adopteront-ils-enfin-les-bons-reflexes.png","articleSection":["Non classifi\u00e9(e)"],"inLanguage":"fr-FR"},{"@type":"WebPage","@id":"https:\/\/klimaatcoalitie-coalitionclimat.be\/fr\/face-a-la-canicule-les-ministres-du-climat-adopteront-ils-enfin-les-bons-reflexes\/","url":"https:\/\/klimaatcoalitie-coalitionclimat.be\/fr\/face-a-la-canicule-les-ministres-du-climat-adopteront-ils-enfin-les-bons-reflexes\/","name":"Face \u00e0 la canicule, les ministres du Climat adopteront-ils enfin les bons r\u00e9flexes ?\u00a0 - Coalition Climat","isPartOf":{"@id":"https:\/\/klimaatcoalitie-coalitionclimat.be\/fr\/#website"},"primaryImageOfPage":{"@id":"https:\/\/klimaatcoalitie-coalitionclimat.be\/fr\/face-a-la-canicule-les-ministres-du-climat-adopteront-ils-enfin-les-bons-reflexes\/#primaryimage"},"image":{"@id":"https:\/\/klimaatcoalitie-coalitionclimat.be\/fr\/face-a-la-canicule-les-ministres-du-climat-adopteront-ils-enfin-les-bons-reflexes\/#primaryimage"},"thumbnailUrl":"https:\/\/klimaatcoalitie-coalitionclimat.be\/wp-content\/uploads\/2025\/07\/face-a-la-canicule-les-ministres-du-climat-adopteront-ils-enfin-les-bons-reflexes.png","datePublished":"2025-07-02T10:31:38+00:00","dateModified":"2025-07-02T12:55:56+00:00","breadcrumb":{"@id":"https:\/\/klimaatcoalitie-coalitionclimat.be\/fr\/face-a-la-canicule-les-ministres-du-climat-adopteront-ils-enfin-les-bons-reflexes\/#breadcrumb"},"inLanguage":"fr-FR","potentialAction":[{"@type":"ReadAction","target":["https:\/\/klimaatcoalitie-coalitionclimat.be\/fr\/face-a-la-canicule-les-ministres-du-climat-adopteront-ils-enfin-les-bons-reflexes\/"]}]},{"@type":"ImageObject","inLanguage":"fr-FR","@id":"https:\/\/klimaatcoalitie-coalitionclimat.be\/fr\/face-a-la-canicule-les-ministres-du-climat-adopteront-ils-enfin-les-bons-reflexes\/#primaryimage","url":"https:\/\/klimaatcoalitie-coalitionclimat.be\/wp-content\/uploads\/2025\/07\/face-a-la-canicule-les-ministres-du-climat-adopteront-ils-enfin-les-bons-reflexes.png","contentUrl":"https:\/\/klimaatcoalitie-coalitionclimat.be\/wp-content\/uploads\/2025\/07\/face-a-la-canicule-les-ministres-du-climat-adopteront-ils-enfin-les-bons-reflexes.png","width":1080,"height":1080},{"@type":"BreadcrumbList","@id":"https:\/\/klimaatcoalitie-coalitionclimat.be\/fr\/face-a-la-canicule-les-ministres-du-climat-adopteront-ils-enfin-les-bons-reflexes\/#breadcrumb","itemListElement":[{"@type":"ListItem","position":1,"name":"Accueil","item":"https:\/\/klimaatcoalitie-coalitionclimat.be\/fr\/"},{"@type":"ListItem","position":2,"name":"Face \u00e0 la canicule, les ministres du Climat adopteront-ils enfin les bons r\u00e9flexes ?\u00a0"}]},{"@type":"WebSite","@id":"https:\/\/klimaatcoalitie-coalitionclimat.be\/fr\/#website","url":"https:\/\/klimaatcoalitie-coalitionclimat.be\/fr\/","name":"Coalition Climat","description":"Verenigt, versterkt en mobiliseert iedereen in Belgi&euml; die ijvert voor een leefbaar klimaat.","publisher":{"@id":"https:\/\/klimaatcoalitie-coalitionclimat.be\/fr\/#organization"},"potentialAction":[{"@type":"SearchAction","target":{"@type":"EntryPoint","urlTemplate":"https:\/\/klimaatcoalitie-coalitionclimat.be\/fr\/?s={search_term_string}"},"query-input":{"@type":"PropertyValueSpecification","valueRequired":true,"valueName":"search_term_string"}}],"inLanguage":"fr-FR"},{"@type":"Organization","@id":"https:\/\/klimaatcoalitie-coalitionclimat.be\/fr\/#organization","name":"Coalition Climat","url":"https:\/\/klimaatcoalitie-coalitionclimat.be\/fr\/","logo":{"@type":"ImageObject","inLanguage":"fr-FR","@id":"https:\/\/klimaatcoalitie-coalitionclimat.be\/fr\/#\/schema\/logo\/image\/","url":"https:\/\/klimaatcoalitie-coalitionclimat.be\/wp-content\/uploads\/2023\/07\/logo-sticker-full.svg","contentUrl":"https:\/\/klimaatcoalitie-coalitionclimat.be\/wp-content\/uploads\/2023\/07\/logo-sticker-full.svg","width":297,"height":98,"caption":"Coalition Climat"},"image":{"@id":"https:\/\/klimaatcoalitie-coalitionclimat.be\/fr\/#\/schema\/logo\/image\/"}},{"@type":"Person","@id":"https:\/\/klimaatcoalitie-coalitionclimat.be\/fr\/#\/schema\/person\/40203e1ad8912523897e565968428583","name":"Amandine Sauvage","image":{"@type":"ImageObject","inLanguage":"fr-FR","@id":"https:\/\/klimaatcoalitie-coalitionclimat.be\/wp-content\/litespeed\/avatar\/e30d0e1f83d17fc3c2b653955974a45a.jpg?ver=1777301331","url":"https:\/\/klimaatcoalitie-coalitionclimat.be\/wp-content\/litespeed\/avatar\/e30d0e1f83d17fc3c2b653955974a45a.jpg?ver=1777301331","contentUrl":"https:\/\/klimaatcoalitie-coalitionclimat.be\/wp-content\/litespeed\/avatar\/e30d0e1f83d17fc3c2b653955974a45a.jpg?ver=1777301331","caption":"Amandine Sauvage"},"url":"https:\/\/klimaatcoalitie-coalitionclimat.be\/fr\/author\/amandine\/"}]}},"_links":{"self":[{"href":"https:\/\/klimaatcoalitie-coalitionclimat.be\/fr\/wp-json\/wp\/v2\/posts\/9656","targetHints":{"allow":["GET"]}}],"collection":[{"href":"https:\/\/klimaatcoalitie-coalitionclimat.be\/fr\/wp-json\/wp\/v2\/posts"}],"about":[{"href":"https:\/\/klimaatcoalitie-coalitionclimat.be\/fr\/wp-json\/wp\/v2\/types\/post"}],"author":[{"embeddable":true,"href":"https:\/\/klimaatcoalitie-coalitionclimat.be\/fr\/wp-json\/wp\/v2\/users\/143"}],"replies":[{"embeddable":true,"href":"https:\/\/klimaatcoalitie-coalitionclimat.be\/fr\/wp-json\/wp\/v2\/comments?post=9656"}],"version-history":[{"count":4,"href":"https:\/\/klimaatcoalitie-coalitionclimat.be\/fr\/wp-json\/wp\/v2\/posts\/9656\/revisions"}],"predecessor-version":[{"id":9670,"href":"https:\/\/klimaatcoalitie-coalitionclimat.be\/fr\/wp-json\/wp\/v2\/posts\/9656\/revisions\/9670"}],"wp:featuredmedia":[{"embeddable":true,"href":"https:\/\/klimaatcoalitie-coalitionclimat.be\/fr\/wp-json\/wp\/v2\/media\/9671"}],"wp:attachment":[{"href":"https:\/\/klimaatcoalitie-coalitionclimat.be\/fr\/wp-json\/wp\/v2\/media?parent=9656"}],"wp:term":[{"taxonomy":"category","embeddable":true,"href":"https:\/\/klimaatcoalitie-coalitionclimat.be\/fr\/wp-json\/wp\/v2\/categories?post=9656"},{"taxonomy":"post_tag","embeddable":true,"href":"https:\/\/klimaatcoalitie-coalitionclimat.be\/fr\/wp-json\/wp\/v2\/tags?post=9656"}],"curies":[{"name":"wp","href":"https:\/\/api.w.org\/{rel}","templated":true}]}}