{"id":9124,"date":"2025-02-24T07:49:32","date_gmt":"2025-02-24T06:49:32","guid":{"rendered":"https:\/\/klimaatcoalitie.be\/europees-industriebeleid-niet-zonder-het-middenveld\/"},"modified":"2025-02-24T11:20:27","modified_gmt":"2025-02-24T10:20:27","slug":"europees-industriebeleid-niet-zonder-het-middenveld","status":"publish","type":"post","link":"https:\/\/klimaatcoalitie-coalitionclimat.be\/fr\/europees-industriebeleid-niet-zonder-het-middenveld\/","title":{"rendered":"Politique industrielle europ\u00e9enne ? Pas sans la soci\u00e9t\u00e9 civile !"},"content":{"rendered":"\n<p><strong>Aujourd\u2019hui, une table ronde se tient \u00e0 Bruxelles entre les SPF Affaires \u00e9trang\u00e8res et \u00c9conomie, et seulement une s\u00e9lection d\u2019entreprises. Objectif ? D\u00e9finir les grandes lignes strat\u00e9giques de l\u2019avenir de l\u2019industrie europ\u00e9enne. Un moment cl\u00e9 o\u00f9 les syndicats, les organisations de consommateurs et les mouvements \u00e9cologistes sont essentiels pour une transition juste. Et pourtant, ils ont \u00e9t\u00e9 oubli\u00e9s de la liste des invit\u00e9s, comme s\u2019ils \u00e9taient \u00ab\u00a0ghost\u00e9s\u00a0\u00bb.<\/strong><\/p>\n\n\n\n<p><\/p>\n\n\n\n<p><\/p>\n\n\n\n<figure class=\"wp-block-image size-large\"><img loading=\"lazy\" decoding=\"async\" width=\"1024\" height=\"683\" src=\"https:\/\/klimaatcoalitie-coalitionclimat.be\/wp-content\/uploads\/2025\/02\/dsc01973-2-1024x683.jpg\" alt=\"\" class=\"wp-image-9134\" srcset=\"https:\/\/klimaatcoalitie-coalitionclimat.be\/wp-content\/uploads\/2025\/02\/dsc01973-2-1024x683.jpg 1024w, https:\/\/klimaatcoalitie-coalitionclimat.be\/wp-content\/uploads\/2025\/02\/dsc01973-2-300x200.jpg 300w, https:\/\/klimaatcoalitie-coalitionclimat.be\/wp-content\/uploads\/2025\/02\/dsc01973-2-768x512.jpg 768w, https:\/\/klimaatcoalitie-coalitionclimat.be\/wp-content\/uploads\/2025\/02\/dsc01973-2-1536x1024.jpg 1536w, https:\/\/klimaatcoalitie-coalitionclimat.be\/wp-content\/uploads\/2025\/02\/dsc01973-2-750x500.jpg 750w, https:\/\/klimaatcoalitie-coalitionclimat.be\/wp-content\/uploads\/2025\/02\/dsc01973-2-500x333.jpg 500w, https:\/\/klimaatcoalitie-coalitionclimat.be\/wp-content\/uploads\/2025\/02\/dsc01973-2-1850x1233.jpg 1850w, https:\/\/klimaatcoalitie-coalitionclimat.be\/wp-content\/uploads\/2025\/02\/dsc01973-2.jpg 1920w\" sizes=\"auto, (max-width: 1024px) 100vw, 1024px\" \/><\/figure>\n\n\n\n<p><\/p>\n\n\n\n<p>C\u2019est pourquoi la <a href=\"https:\/\/klimaatcoalitie-coalitionclimat.be\/\"><strong>Coalition Climat<\/strong><\/a>, qui rassemble plus de 100 organisations de la soci\u00e9t\u00e9 civile, m\u00e8ne ce matin une action symbolique aux abords de la r\u00e9union. Son message est clair : la politique industrielle est trop importante pour \u00eatre d\u00e9cid\u00e9e \u00e0 huis clos. Il est imp\u00e9ratif d\u2019\u00e9largir la consultation publique pour avoir une politique efficace.<\/p>\n\n\n\n<p><\/p>\n\n\n\n<hr class=\"wp-block-separator has-alpha-channel-opacity\"\/>\n\n\n<h3 class=\"wp-block-heading\" id=\"un-tournant-crucial\"><strong>Un tournant crucial<\/strong><\/h3>\n\n\n<p>Apr\u00e8s la publication du Competitiveness Compass, document strat\u00e9gique qui servira de boussole pour la comp\u00e9titivit\u00e9 de l&rsquo;Europe, la Commission europ\u00e9enne lance cette semaine la Clean Industrial Deal.&nbsp;<\/p>\n\n\n\n<p><em>\u201cUne industrie \u2018fossil free\u2019 et circulaire est le meilleur deal qui pourra garantir \u00e0 la fois notre comp\u00e9titivit\u00e9, prosp\u00e9rit\u00e9 et autonomie strat\u00e9gique sur le long terme. L\u2019Europe fera-t-elle ce choix ? C\u2019est la question qui sera tranch\u00e9e dans les prochains mois lors de ces tables rondes, avec des cons\u00e9quences majeures sur notre futur.\u201d&nbsp; <\/em>d\u00e9clare Nadia Cornejo, vice-pr\u00e9sidente de la Coalition Climat.&nbsp;<\/p>\n\n\n\n<p>Vu l\u2019urgence et l\u2019importance de ces enjeux, nos gouvernements doivent \u00e9largir imm\u00e9diatement la consultation, et cesser de se limiter aux seuls int\u00e9r\u00eats des industriels.<\/p>\n\n\n\n<p>Benjamin Clarysse, pr\u00e9sident de la Coalition Climat, souligne <em>\u00ab\u00a0Les r\u00e9glementations discut\u00e9es aujourd\u2019hui ne concernent pas seulement la comp\u00e9titivit\u00e9 industrielle. Elles auront un impact majeur sur la pollution, les droits des consommateurs, les risques climatiques, le travail d\u00e9cent et la coop\u00e9ration internationale. Si ces mesures doivent \u00eatre r\u00e9ellement durables et l\u00e9gitimes, elles doivent inclure toutes les voix concern\u00e9es.\u00a0\u00bb<\/em><\/p>\n\n\n\n<p>Un v\u00e9ritable <em>deal<\/em> n\u00e9cessite un v\u00e9ritable dialogue. Nous le r\u00e9p\u00e9tons, toutes les parties concern\u00e9es doivent \u00eatre entendues, et pas seulement celles qui en tireront un b\u00e9n\u00e9fice \u00e9conomique. C\u2019est une condition essentielle pour garantir la qualit\u00e9, l\u2019efficacit\u00e9 et la l\u00e9gitimit\u00e9 d\u00e9mocratique des politiques europ\u00e9ennes.<\/p>\n\n\n<h3 class=\"wp-block-heading\" id=\"une-consultation-a-sens-unique\"><strong>Une consultation \u00e0 sens unique<\/strong><\/h3>\n\n\n<p><\/p>\n\n\n\n<p>Pourtant, le dialogue reste tr\u00e8s limit\u00e9. C\u2019est \u00e9galement ce qui se passe en Belgique : les tables rondes organis\u00e9es par les minist\u00e8res des Affaires \u00e9trang\u00e8res et de l\u2019\u00c9conomie favorisent l\u2019entre-soi et invitent uniquement les entreprises.<\/p>\n\n\n\n<p><\/p>\n\n\n\n<p><em>\u201cSeuls les grands industriels sont invit\u00e9s \u00e0 cet \u00e9v\u00e8nement. Oubliant de consulter les repr\u00e9sentants des travailleurs, les organisations environnementales ou sociales. Ce qui en dit long sur la mani\u00e8re dont les organisateurs entendent r\u00e9pondre \u00e0 cette question. Cela donne clairement l\u2019impression qu\u2019ils s\u2019inscrivent dans une vision industrielle conservatrice qui fait une croix sur le Green deal.\u201c<\/em> constate Nadia Cornejo, vice-pr\u00e9sidente de la Coalition climat.&nbsp;<\/p>\n\n\n\n<p>Il s\u2019agit&nbsp; ce matin d\u2019une interpellation directe aux ministres Pr\u00e9vot (Affaires \u00e9trang\u00e8res), Crucke (Climat) et Clarinval (\u00c9conomie) pour leur rappeler l\u2019impact profond des propositions europ\u00e9ennes.<\/p>\n\n\n\n<p>Nadia Cornejo, vice-pr\u00e9sidente de la Coalition Climat, conclut : <em>\u00ab\u00a0Menez un dialogue honn\u00eate avec toutes les parties prenantes et assurez un processus transparent et d\u00e9mocratique.\u00a0\u00bb<\/em><\/p>\n\n\n\n<p><\/p>\n\n\n\n<p>&#x1f449; <strong>Retrouvez <\/strong><a href=\"https:\/\/drive.google.com\/drive\/folders\/1pfwF7-nfdpmx1KSmTcPhF_EGj9DdwE7h\"><strong>ici<\/strong><\/a><strong> les photos de l\u2019action de protestation qui seront post\u00e9es en fin de matin\u00e9e.<\/strong><\/p>\n\n\n\n<p><\/p>\n","protected":false},"excerpt":{"rendered":"<p>Aujourd\u2019hui, une table ronde se tient \u00e0 Bruxelles entre les SPF Affaires \u00e9trang\u00e8res et \u00c9conomie, et seulement une s\u00e9lection d\u2019entreprises. Objectif ? D\u00e9finir les grandes lignes strat\u00e9giques de l\u2019avenir de [&hellip;]<\/p>\n","protected":false},"author":9,"featured_media":9130,"comment_status":"closed","ping_status":"closed","sticky":false,"template":"","format":"standard","meta":{"_acf_changed":false,"inline_featured_image":false,"_EventAllDay":false,"_EventTimezone":"","_EventStartDate":"","_EventEndDate":"","_EventStartDateUTC":"","_EventEndDateUTC":"","_EventShowMap":false,"_EventShowMapLink":false,"_EventURL":"","_EventCost":"","_EventCostDescription":"","_EventCurrencySymbol":"","_EventCurrencyCode":"","_EventCurrencyPosition":"","_EventDateTimeSeparator":"","_EventTimeRangeSeparator":"","_EventOrganizerID":[],"_EventVenueID":[],"_OrganizerEmail":"","_OrganizerPhone":"","_OrganizerWebsite":"","_VenueAddress":"","_VenueCity":"","_VenueCountry":"","_VenueProvince":"","_VenueState":"","_VenueZip":"","_VenuePhone":"","_VenueURL":"","_VenueStateProvince":"","_VenueLat":"","_VenueLng":"","_VenueShowMap":false,"_VenueShowMapLink":false,"footnotes":""},"categories":[1],"tags":[],"class_list":["post-9124","post","type-post","status-publish","format-standard","has-post-thumbnail","hentry","category-non-classe"],"acf":[],"yoast_head":"<!-- This site is optimized with the Yoast SEO plugin v27.2 - https:\/\/yoast.com\/product\/yoast-seo-wordpress\/ -->\n<title>Politique industrielle europ\u00e9enne ? Pas sans la soci\u00e9t\u00e9 civile ! - Coalition Climat<\/title>\n<meta name=\"robots\" content=\"index, follow, max-snippet:-1, max-image-preview:large, max-video-preview:-1\" \/>\n<link rel=\"canonical\" href=\"https:\/\/klimaatcoalitie-coalitionclimat.be\/fr\/europees-industriebeleid-niet-zonder-het-middenveld\/\" \/>\n<meta property=\"og:locale\" content=\"fr_FR\" \/>\n<meta property=\"og:type\" content=\"article\" \/>\n<meta property=\"og:title\" content=\"Politique industrielle europ\u00e9enne ? Pas sans la soci\u00e9t\u00e9 civile ! - Coalition Climat\" \/>\n<meta property=\"og:description\" content=\"Aujourd\u2019hui, une table ronde se tient \u00e0 Bruxelles entre les SPF Affaires \u00e9trang\u00e8res et \u00c9conomie, et seulement une s\u00e9lection d\u2019entreprises. Objectif ? D\u00e9finir les grandes lignes strat\u00e9giques de l\u2019avenir de [&hellip;]\" \/>\n<meta property=\"og:url\" content=\"https:\/\/klimaatcoalitie-coalitionclimat.be\/fr\/europees-industriebeleid-niet-zonder-het-middenveld\/\" \/>\n<meta property=\"og:site_name\" content=\"Coalition Climat\" \/>\n<meta property=\"article:published_time\" content=\"2025-02-24T06:49:32+00:00\" \/>\n<meta property=\"article:modified_time\" content=\"2025-02-24T10:20:27+00:00\" \/>\n<meta property=\"og:image\" content=\"https:\/\/klimaatcoalitie-coalitionclimat.be\/wp-content\/uploads\/2025\/02\/dsc01973.jpg\" \/>\n\t<meta property=\"og:image:width\" content=\"1920\" \/>\n\t<meta property=\"og:image:height\" content=\"1280\" \/>\n\t<meta property=\"og:image:type\" content=\"image\/jpeg\" \/>\n<meta name=\"author\" content=\"Laurence Rouffart\" \/>\n<meta name=\"twitter:card\" content=\"summary_large_image\" \/>\n<meta name=\"twitter:creator\" content=\"@octopix\" \/>\n<meta name=\"twitter:label1\" content=\"\u00c9crit par\" \/>\n\t<meta name=\"twitter:data1\" content=\"Laurence Rouffart\" \/>\n\t<meta name=\"twitter:label2\" content=\"Dur\u00e9e de lecture estim\u00e9e\" \/>\n\t<meta name=\"twitter:data2\" content=\"3 minutes\" \/>\n<script type=\"application\/ld+json\" class=\"yoast-schema-graph\">{\"@context\":\"https:\/\/schema.org\",\"@graph\":[{\"@type\":\"Article\",\"@id\":\"https:\/\/klimaatcoalitie-coalitionclimat.be\/fr\/europees-industriebeleid-niet-zonder-het-middenveld\/#article\",\"isPartOf\":{\"@id\":\"https:\/\/klimaatcoalitie-coalitionclimat.be\/fr\/europees-industriebeleid-niet-zonder-het-middenveld\/\"},\"author\":{\"name\":\"Laurence Rouffart\",\"@id\":\"https:\/\/klimaatcoalitie-coalitionclimat.be\/fr\/#\/schema\/person\/b510cacb932f5e7d0c1bc723542ddb8d\"},\"headline\":\"Politique industrielle europ\u00e9enne ? Pas sans la soci\u00e9t\u00e9 civile !\",\"datePublished\":\"2025-02-24T06:49:32+00:00\",\"dateModified\":\"2025-02-24T10:20:27+00:00\",\"mainEntityOfPage\":{\"@id\":\"https:\/\/klimaatcoalitie-coalitionclimat.be\/fr\/europees-industriebeleid-niet-zonder-het-middenveld\/\"},\"wordCount\":602,\"publisher\":{\"@id\":\"https:\/\/klimaatcoalitie-coalitionclimat.be\/fr\/#organization\"},\"image\":{\"@id\":\"https:\/\/klimaatcoalitie-coalitionclimat.be\/fr\/europees-industriebeleid-niet-zonder-het-middenveld\/#primaryimage\"},\"thumbnailUrl\":\"https:\/\/klimaatcoalitie-coalitionclimat.be\/wp-content\/uploads\/2025\/02\/dsc01973.jpg\",\"inLanguage\":\"fr-FR\"},{\"@type\":\"WebPage\",\"@id\":\"https:\/\/klimaatcoalitie-coalitionclimat.be\/fr\/europees-industriebeleid-niet-zonder-het-middenveld\/\",\"url\":\"https:\/\/klimaatcoalitie-coalitionclimat.be\/fr\/europees-industriebeleid-niet-zonder-het-middenveld\/\",\"name\":\"Politique industrielle europ\u00e9enne ? Pas sans la soci\u00e9t\u00e9 civile ! - Coalition Climat\",\"isPartOf\":{\"@id\":\"https:\/\/klimaatcoalitie-coalitionclimat.be\/fr\/#website\"},\"primaryImageOfPage\":{\"@id\":\"https:\/\/klimaatcoalitie-coalitionclimat.be\/fr\/europees-industriebeleid-niet-zonder-het-middenveld\/#primaryimage\"},\"image\":{\"@id\":\"https:\/\/klimaatcoalitie-coalitionclimat.be\/fr\/europees-industriebeleid-niet-zonder-het-middenveld\/#primaryimage\"},\"thumbnailUrl\":\"https:\/\/klimaatcoalitie-coalitionclimat.be\/wp-content\/uploads\/2025\/02\/dsc01973.jpg\",\"datePublished\":\"2025-02-24T06:49:32+00:00\",\"dateModified\":\"2025-02-24T10:20:27+00:00\",\"breadcrumb\":{\"@id\":\"https:\/\/klimaatcoalitie-coalitionclimat.be\/fr\/europees-industriebeleid-niet-zonder-het-middenveld\/#breadcrumb\"},\"inLanguage\":\"fr-FR\",\"potentialAction\":[{\"@type\":\"ReadAction\",\"target\":[\"https:\/\/klimaatcoalitie-coalitionclimat.be\/fr\/europees-industriebeleid-niet-zonder-het-middenveld\/\"]}]},{\"@type\":\"ImageObject\",\"inLanguage\":\"fr-FR\",\"@id\":\"https:\/\/klimaatcoalitie-coalitionclimat.be\/fr\/europees-industriebeleid-niet-zonder-het-middenveld\/#primaryimage\",\"url\":\"https:\/\/klimaatcoalitie-coalitionclimat.be\/wp-content\/uploads\/2025\/02\/dsc01973.jpg\",\"contentUrl\":\"https:\/\/klimaatcoalitie-coalitionclimat.be\/wp-content\/uploads\/2025\/02\/dsc01973.jpg\",\"width\":1920,\"height\":1280},{\"@type\":\"BreadcrumbList\",\"@id\":\"https:\/\/klimaatcoalitie-coalitionclimat.be\/fr\/europees-industriebeleid-niet-zonder-het-middenveld\/#breadcrumb\",\"itemListElement\":[{\"@type\":\"ListItem\",\"position\":1,\"name\":\"Accueil\",\"item\":\"https:\/\/klimaatcoalitie-coalitionclimat.be\/fr\/\"},{\"@type\":\"ListItem\",\"position\":2,\"name\":\"Politique industrielle europ\u00e9enne ? Pas sans la soci\u00e9t\u00e9 civile !\"}]},{\"@type\":\"WebSite\",\"@id\":\"https:\/\/klimaatcoalitie-coalitionclimat.be\/fr\/#website\",\"url\":\"https:\/\/klimaatcoalitie-coalitionclimat.be\/fr\/\",\"name\":\"Coalition Climat\",\"description\":\"Verenigt, versterkt en mobiliseert iedereen in Belgi&euml; die ijvert voor een leefbaar klimaat.\",\"publisher\":{\"@id\":\"https:\/\/klimaatcoalitie-coalitionclimat.be\/fr\/#organization\"},\"potentialAction\":[{\"@type\":\"SearchAction\",\"target\":{\"@type\":\"EntryPoint\",\"urlTemplate\":\"https:\/\/klimaatcoalitie-coalitionclimat.be\/fr\/?s={search_term_string}\"},\"query-input\":{\"@type\":\"PropertyValueSpecification\",\"valueRequired\":true,\"valueName\":\"search_term_string\"}}],\"inLanguage\":\"fr-FR\"},{\"@type\":\"Organization\",\"@id\":\"https:\/\/klimaatcoalitie-coalitionclimat.be\/fr\/#organization\",\"name\":\"Coalition Climat\",\"url\":\"https:\/\/klimaatcoalitie-coalitionclimat.be\/fr\/\",\"logo\":{\"@type\":\"ImageObject\",\"inLanguage\":\"fr-FR\",\"@id\":\"https:\/\/klimaatcoalitie-coalitionclimat.be\/fr\/#\/schema\/logo\/image\/\",\"url\":\"https:\/\/klimaatcoalitie-coalitionclimat.be\/wp-content\/uploads\/2023\/07\/logo-sticker-full.svg\",\"contentUrl\":\"https:\/\/klimaatcoalitie-coalitionclimat.be\/wp-content\/uploads\/2023\/07\/logo-sticker-full.svg\",\"width\":297,\"height\":98,\"caption\":\"Coalition Climat\"},\"image\":{\"@id\":\"https:\/\/klimaatcoalitie-coalitionclimat.be\/fr\/#\/schema\/logo\/image\/\"}},{\"@type\":\"Person\",\"@id\":\"https:\/\/klimaatcoalitie-coalitionclimat.be\/fr\/#\/schema\/person\/b510cacb932f5e7d0c1bc723542ddb8d\",\"name\":\"Laurence Rouffart\",\"image\":{\"@type\":\"ImageObject\",\"inLanguage\":\"fr-FR\",\"@id\":\"https:\/\/klimaatcoalitie-coalitionclimat.be\/wp-content\/litespeed\/avatar\/68fdfa78d3500e6dc72b7857fc12833c.jpg?ver=1777393242\",\"url\":\"https:\/\/klimaatcoalitie-coalitionclimat.be\/wp-content\/litespeed\/avatar\/68fdfa78d3500e6dc72b7857fc12833c.jpg?ver=1777393242\",\"contentUrl\":\"https:\/\/klimaatcoalitie-coalitionclimat.be\/wp-content\/litespeed\/avatar\/68fdfa78d3500e6dc72b7857fc12833c.jpg?ver=1777393242\",\"caption\":\"Laurence Rouffart\"},\"sameAs\":[\"https:\/\/x.com\/octopix\"],\"url\":\"https:\/\/klimaatcoalitie-coalitionclimat.be\/fr\/author\/laurence\/\"}]}<\/script>\n<!-- \/ Yoast SEO plugin. -->","yoast_head_json":{"title":"Politique industrielle europ\u00e9enne ? Pas sans la soci\u00e9t\u00e9 civile ! - Coalition Climat","robots":{"index":"index","follow":"follow","max-snippet":"max-snippet:-1","max-image-preview":"max-image-preview:large","max-video-preview":"max-video-preview:-1"},"canonical":"https:\/\/klimaatcoalitie-coalitionclimat.be\/fr\/europees-industriebeleid-niet-zonder-het-middenveld\/","og_locale":"fr_FR","og_type":"article","og_title":"Politique industrielle europ\u00e9enne ? Pas sans la soci\u00e9t\u00e9 civile ! - Coalition Climat","og_description":"Aujourd\u2019hui, une table ronde se tient \u00e0 Bruxelles entre les SPF Affaires \u00e9trang\u00e8res et \u00c9conomie, et seulement une s\u00e9lection d\u2019entreprises. Objectif ? D\u00e9finir les grandes lignes strat\u00e9giques de l\u2019avenir de [&hellip;]","og_url":"https:\/\/klimaatcoalitie-coalitionclimat.be\/fr\/europees-industriebeleid-niet-zonder-het-middenveld\/","og_site_name":"Coalition Climat","article_published_time":"2025-02-24T06:49:32+00:00","article_modified_time":"2025-02-24T10:20:27+00:00","og_image":[{"width":1920,"height":1280,"url":"https:\/\/klimaatcoalitie-coalitionclimat.be\/wp-content\/uploads\/2025\/02\/dsc01973.jpg","type":"image\/jpeg"}],"author":"Laurence Rouffart","twitter_card":"summary_large_image","twitter_creator":"@octopix","twitter_misc":{"\u00c9crit par":"Laurence Rouffart","Dur\u00e9e de lecture estim\u00e9e":"3 minutes"},"schema":{"@context":"https:\/\/schema.org","@graph":[{"@type":"Article","@id":"https:\/\/klimaatcoalitie-coalitionclimat.be\/fr\/europees-industriebeleid-niet-zonder-het-middenveld\/#article","isPartOf":{"@id":"https:\/\/klimaatcoalitie-coalitionclimat.be\/fr\/europees-industriebeleid-niet-zonder-het-middenveld\/"},"author":{"name":"Laurence Rouffart","@id":"https:\/\/klimaatcoalitie-coalitionclimat.be\/fr\/#\/schema\/person\/b510cacb932f5e7d0c1bc723542ddb8d"},"headline":"Politique industrielle europ\u00e9enne ? Pas sans la soci\u00e9t\u00e9 civile !","datePublished":"2025-02-24T06:49:32+00:00","dateModified":"2025-02-24T10:20:27+00:00","mainEntityOfPage":{"@id":"https:\/\/klimaatcoalitie-coalitionclimat.be\/fr\/europees-industriebeleid-niet-zonder-het-middenveld\/"},"wordCount":602,"publisher":{"@id":"https:\/\/klimaatcoalitie-coalitionclimat.be\/fr\/#organization"},"image":{"@id":"https:\/\/klimaatcoalitie-coalitionclimat.be\/fr\/europees-industriebeleid-niet-zonder-het-middenveld\/#primaryimage"},"thumbnailUrl":"https:\/\/klimaatcoalitie-coalitionclimat.be\/wp-content\/uploads\/2025\/02\/dsc01973.jpg","inLanguage":"fr-FR"},{"@type":"WebPage","@id":"https:\/\/klimaatcoalitie-coalitionclimat.be\/fr\/europees-industriebeleid-niet-zonder-het-middenveld\/","url":"https:\/\/klimaatcoalitie-coalitionclimat.be\/fr\/europees-industriebeleid-niet-zonder-het-middenveld\/","name":"Politique industrielle europ\u00e9enne ? Pas sans la soci\u00e9t\u00e9 civile ! - Coalition Climat","isPartOf":{"@id":"https:\/\/klimaatcoalitie-coalitionclimat.be\/fr\/#website"},"primaryImageOfPage":{"@id":"https:\/\/klimaatcoalitie-coalitionclimat.be\/fr\/europees-industriebeleid-niet-zonder-het-middenveld\/#primaryimage"},"image":{"@id":"https:\/\/klimaatcoalitie-coalitionclimat.be\/fr\/europees-industriebeleid-niet-zonder-het-middenveld\/#primaryimage"},"thumbnailUrl":"https:\/\/klimaatcoalitie-coalitionclimat.be\/wp-content\/uploads\/2025\/02\/dsc01973.jpg","datePublished":"2025-02-24T06:49:32+00:00","dateModified":"2025-02-24T10:20:27+00:00","breadcrumb":{"@id":"https:\/\/klimaatcoalitie-coalitionclimat.be\/fr\/europees-industriebeleid-niet-zonder-het-middenveld\/#breadcrumb"},"inLanguage":"fr-FR","potentialAction":[{"@type":"ReadAction","target":["https:\/\/klimaatcoalitie-coalitionclimat.be\/fr\/europees-industriebeleid-niet-zonder-het-middenveld\/"]}]},{"@type":"ImageObject","inLanguage":"fr-FR","@id":"https:\/\/klimaatcoalitie-coalitionclimat.be\/fr\/europees-industriebeleid-niet-zonder-het-middenveld\/#primaryimage","url":"https:\/\/klimaatcoalitie-coalitionclimat.be\/wp-content\/uploads\/2025\/02\/dsc01973.jpg","contentUrl":"https:\/\/klimaatcoalitie-coalitionclimat.be\/wp-content\/uploads\/2025\/02\/dsc01973.jpg","width":1920,"height":1280},{"@type":"BreadcrumbList","@id":"https:\/\/klimaatcoalitie-coalitionclimat.be\/fr\/europees-industriebeleid-niet-zonder-het-middenveld\/#breadcrumb","itemListElement":[{"@type":"ListItem","position":1,"name":"Accueil","item":"https:\/\/klimaatcoalitie-coalitionclimat.be\/fr\/"},{"@type":"ListItem","position":2,"name":"Politique industrielle europ\u00e9enne ? Pas sans la soci\u00e9t\u00e9 civile !"}]},{"@type":"WebSite","@id":"https:\/\/klimaatcoalitie-coalitionclimat.be\/fr\/#website","url":"https:\/\/klimaatcoalitie-coalitionclimat.be\/fr\/","name":"Coalition Climat","description":"Verenigt, versterkt en mobiliseert iedereen in Belgi&euml; die ijvert voor een leefbaar klimaat.","publisher":{"@id":"https:\/\/klimaatcoalitie-coalitionclimat.be\/fr\/#organization"},"potentialAction":[{"@type":"SearchAction","target":{"@type":"EntryPoint","urlTemplate":"https:\/\/klimaatcoalitie-coalitionclimat.be\/fr\/?s={search_term_string}"},"query-input":{"@type":"PropertyValueSpecification","valueRequired":true,"valueName":"search_term_string"}}],"inLanguage":"fr-FR"},{"@type":"Organization","@id":"https:\/\/klimaatcoalitie-coalitionclimat.be\/fr\/#organization","name":"Coalition Climat","url":"https:\/\/klimaatcoalitie-coalitionclimat.be\/fr\/","logo":{"@type":"ImageObject","inLanguage":"fr-FR","@id":"https:\/\/klimaatcoalitie-coalitionclimat.be\/fr\/#\/schema\/logo\/image\/","url":"https:\/\/klimaatcoalitie-coalitionclimat.be\/wp-content\/uploads\/2023\/07\/logo-sticker-full.svg","contentUrl":"https:\/\/klimaatcoalitie-coalitionclimat.be\/wp-content\/uploads\/2023\/07\/logo-sticker-full.svg","width":297,"height":98,"caption":"Coalition Climat"},"image":{"@id":"https:\/\/klimaatcoalitie-coalitionclimat.be\/fr\/#\/schema\/logo\/image\/"}},{"@type":"Person","@id":"https:\/\/klimaatcoalitie-coalitionclimat.be\/fr\/#\/schema\/person\/b510cacb932f5e7d0c1bc723542ddb8d","name":"Laurence Rouffart","image":{"@type":"ImageObject","inLanguage":"fr-FR","@id":"https:\/\/klimaatcoalitie-coalitionclimat.be\/wp-content\/litespeed\/avatar\/68fdfa78d3500e6dc72b7857fc12833c.jpg?ver=1777393242","url":"https:\/\/klimaatcoalitie-coalitionclimat.be\/wp-content\/litespeed\/avatar\/68fdfa78d3500e6dc72b7857fc12833c.jpg?ver=1777393242","contentUrl":"https:\/\/klimaatcoalitie-coalitionclimat.be\/wp-content\/litespeed\/avatar\/68fdfa78d3500e6dc72b7857fc12833c.jpg?ver=1777393242","caption":"Laurence Rouffart"},"sameAs":["https:\/\/x.com\/octopix"],"url":"https:\/\/klimaatcoalitie-coalitionclimat.be\/fr\/author\/laurence\/"}]}},"_links":{"self":[{"href":"https:\/\/klimaatcoalitie-coalitionclimat.be\/fr\/wp-json\/wp\/v2\/posts\/9124","targetHints":{"allow":["GET"]}}],"collection":[{"href":"https:\/\/klimaatcoalitie-coalitionclimat.be\/fr\/wp-json\/wp\/v2\/posts"}],"about":[{"href":"https:\/\/klimaatcoalitie-coalitionclimat.be\/fr\/wp-json\/wp\/v2\/types\/post"}],"author":[{"embeddable":true,"href":"https:\/\/klimaatcoalitie-coalitionclimat.be\/fr\/wp-json\/wp\/v2\/users\/9"}],"replies":[{"embeddable":true,"href":"https:\/\/klimaatcoalitie-coalitionclimat.be\/fr\/wp-json\/wp\/v2\/comments?post=9124"}],"version-history":[{"count":2,"href":"https:\/\/klimaatcoalitie-coalitionclimat.be\/fr\/wp-json\/wp\/v2\/posts\/9124\/revisions"}],"predecessor-version":[{"id":9136,"href":"https:\/\/klimaatcoalitie-coalitionclimat.be\/fr\/wp-json\/wp\/v2\/posts\/9124\/revisions\/9136"}],"wp:featuredmedia":[{"embeddable":true,"href":"https:\/\/klimaatcoalitie-coalitionclimat.be\/fr\/wp-json\/wp\/v2\/media\/9130"}],"wp:attachment":[{"href":"https:\/\/klimaatcoalitie-coalitionclimat.be\/fr\/wp-json\/wp\/v2\/media?parent=9124"}],"wp:term":[{"taxonomy":"category","embeddable":true,"href":"https:\/\/klimaatcoalitie-coalitionclimat.be\/fr\/wp-json\/wp\/v2\/categories?post=9124"},{"taxonomy":"post_tag","embeddable":true,"href":"https:\/\/klimaatcoalitie-coalitionclimat.be\/fr\/wp-json\/wp\/v2\/tags?post=9124"}],"curies":[{"name":"wp","href":"https:\/\/api.w.org\/{rel}","templated":true}]}}