{"id":8789,"date":"2025-02-03T16:51:31","date_gmt":"2025-02-03T15:51:31","guid":{"rendered":"https:\/\/klimaatcoalitie.be\/?p=8789"},"modified":"2025-02-03T17:21:44","modified_gmt":"2025-02-03T16:21:44","slug":"laccord-de-gouvernement-federal-manque-dambition-climatique-et-fait-abstraction-de-la-transition-juste","status":"publish","type":"post","link":"https:\/\/klimaatcoalitie-coalitionclimat.be\/fr\/laccord-de-gouvernement-federal-manque-dambition-climatique-et-fait-abstraction-de-la-transition-juste\/","title":{"rendered":"L&rsquo;accord de gouvernement f\u00e9d\u00e9ral manque d&rsquo;ambition climatique et fait abstraction de la transition juste."},"content":{"rendered":"\n<p><strong>La Coalition Climat r\u00e9agit \u00e2prement \u00e0 l&rsquo;accord f\u00e9d\u00e9ral de l\u2019Arizona. Les politiques du nouveau gouvernement f\u00e9d\u00e9ral ne permettront ni \u00e0 la Belgique de respecter ses objectifs europ\u00e9ens, ni de se conformer au jugement de l\u2019Affaire Climat ni d\u2019atteindre la neutralit\u00e9 climatique comme convenu dans l\u2019Accord de Paris. Par ailleurs,&nbsp; l\u2019Arizona pr\u00e9voit de faire des \u00e9conomies sur la solidarit\u00e9 internationale alors que ce sont les plus vuln\u00e9rables ici et ailleurs qui sont et seront les plus durement touch\u00e9s par la crise climatique.&nbsp;<\/strong><\/p>\n\n\n\n<p><\/p>\n\n\n\n<p>L\u2019Arizona exprime son soutien aux engagements climatiques internationaux et europ\u00e9ens. Pourtant, elle conditionne la mise en \u0153uvre effective de ces objectifs sous une multitude de crit\u00e8res Elle remet en question des l\u00e9gislations europ\u00e9ennes essentielles et mise pleinement sur la d\u00e9r\u00e9gulation. Le climat est consid\u00e9r\u00e9 comme un un bonus alors quele co\u00fbt de l&rsquo;inaction pour les g\u00e9n\u00e9rations actuelles et futures est ignor\u00e9.<\/p>\n\n\n\n<p><\/p>\n\n\n\n<p>Les mesures envisag\u00e9es sont soit vagues, soit contre-productives. La suppression des subventions aux \u00e9nergies fossiles aurait d\u00fb \u00eatre une priorit\u00e9, mais elle ne fera que l&rsquo;objet d\u2019une analyse. Le gouvernement ne mentionne pas la loi sur la restauration de la nature et reste faible sur les initiatives en mati\u00e8re de biodiversit\u00e9. Nulle part, ce gouvernement ne reconna\u00eet que la crise climatique est aussi une crise mondiale n\u00e9cessitant la solidarit\u00e9 avec les pays vuln\u00e9rables. Ce gouvernement semble \u00e9galement tirer un trait sur l\u2019objectif d\u2019une transition juste, qui soutient les travailleur\u00b7euse\u00b7s&nbsp; et les citoyen\u00b7ne\u00b7s les plus fragiles et qui demande un plus grand effort aux secteurs et citoyens aux \u00e9paules les plus larges.<\/p>\n\n\n\n<p><\/p>\n\n\n\n<p>\u00ab\u00a0Cet accord n&rsquo;est pas seulement court-termiste, il est aussi injuste. Il fait porter le fardeau sur les g\u00e9n\u00e9rations futures et les plus vuln\u00e9rables, sans faire contribuer les plus gros \u00e9metteurs\u00a0\u00bb, d\u00e9clare Benjamin Clarysse &#8211; Pr\u00e9sident de la Coalition Climat. \u00ab\u00a0L&rsquo;accord conclu n&rsquo;offre pas de perspectives suffisantes pour un avenir plus s\u00fbr, plus sain et plus juste.\u00a0\u00bb<\/p>\n\n\n\n<p><\/p>\n\n\n\n<p>Cette l\u00e9gislature aurait d\u00fb \u00eatre un tournant. Nous ne pouvons pas nous permettre de perdre encore cinq ans. Si l\u2019Arizona prend le climat au s\u00e9rieux, elle doit \u00eatre pr\u00eate \u00e0 prendre des mesures audacieuses d\u00e8s maintenant. Tout d&rsquo;abord, en soumettant un plan permettant d&rsquo;atteindre l&rsquo;objectif de r\u00e9duction des \u00e9missions de 55 % d&rsquo;ici 2030, comme l&rsquo;exige l\u2019Affaire Climat. Ensuite, en soutenant au niveau europ\u00e9en un objectif ambitieux de r\u00e9duction de 95 % d\u2019ici 2040. R\u00e9duire les d\u00e9penses est en totale incoh\u00e9rence avec les investissements de plusieurs millions n\u00e9cessaires pour faire face aux inondations ou aux pertes de r\u00e9coltes. Il nous faut des politiques pertinentes qui anticipent l\u2019avenir.<\/p>\n\n\n\n<p><\/p>\n\n\n\n<p>L\u2019Arizona reconna\u00eet pourtant l\u2019urgence de la crise environnementale que nous devons ma\u00eetriser. Dans les termes de l&rsquo;accord : \u00ab Nous sommes confront\u00e9s \u00e0 un d\u00e9fi climatique mondial. Nous devons agir maintenant pour lutter contre le changement climatique et la perte de biodiversit\u00e9. \u00bb Le texte laisse par endroits entrevoir la possibilit\u00e9 d&rsquo;actions suppl\u00e9mentaires. Nous appelons la nouvelle \u00e9quipe \u00e0 transformer ces mots en actes et \u00e0 s\u2019engager, aux c\u00f4t\u00e9s des plus de 100 partenaires de la Coalition Climat, pour impulser un v\u00e9ritable changement de cap.<\/p>\n\n\n\n<p><\/p>\n\n\n\n<p><\/p>\n\n\n\n<div class=\"wp-block-file\"><a id=\"wp-block-file--media-9be5bd11-954b-4136-957c-9ee0cc59a0dd\" href=\"https:\/\/klimaatcoalitie-coalitionclimat.be\/wp-content\/uploads\/2025\/02\/20250203-RP-Accord-Gouv-FR.pdf\">20250203 RP Accord Gouv FR<\/a><a href=\"https:\/\/klimaatcoalitie-coalitionclimat.be\/wp-content\/uploads\/2025\/02\/20250203-RP-Accord-Gouv-FR.pdf\" class=\"wp-block-file__button wp-element-button\" download aria-describedby=\"wp-block-file--media-9be5bd11-954b-4136-957c-9ee0cc59a0dd\">T\u00e9l\u00e9charger<\/a><\/div>\n","protected":false},"excerpt":{"rendered":"<p>La Coalition Climat r\u00e9agit \u00e2prement \u00e0 l&rsquo;accord f\u00e9d\u00e9ral de l\u2019Arizona. Les politiques du nouveau gouvernement f\u00e9d\u00e9ral ne permettront ni \u00e0 la Belgique de respecter ses objectifs europ\u00e9ens, ni de se [&hellip;]<\/p>\n","protected":false},"author":9,"featured_media":8792,"comment_status":"closed","ping_status":"closed","sticky":false,"template":"","format":"standard","meta":{"_acf_changed":false,"inline_featured_image":false,"_EventAllDay":false,"_EventTimezone":"","_EventStartDate":"","_EventEndDate":"","_EventStartDateUTC":"","_EventEndDateUTC":"","_EventShowMap":false,"_EventShowMapLink":false,"_EventURL":"","_EventCost":"","_EventCostDescription":"","_EventCurrencySymbol":"","_EventCurrencyCode":"","_EventCurrencyPosition":"","_EventDateTimeSeparator":"","_EventTimeRangeSeparator":"","_EventOrganizerID":[],"_EventVenueID":[],"_OrganizerEmail":"","_OrganizerPhone":"","_OrganizerWebsite":"","_VenueAddress":"","_VenueCity":"","_VenueCountry":"","_VenueProvince":"","_VenueState":"","_VenueZip":"","_VenuePhone":"","_VenueURL":"","_VenueStateProvince":"","_VenueLat":"","_VenueLng":"","_VenueShowMap":false,"_VenueShowMapLink":false,"footnotes":""},"categories":[339],"tags":[],"class_list":["post-8789","post","type-post","status-publish","format-standard","has-post-thumbnail","hentry","category-non-classifiee"],"acf":[],"yoast_head":"<!-- This site is optimized with the Yoast SEO plugin v27.2 - https:\/\/yoast.com\/product\/yoast-seo-wordpress\/ -->\n<title>L&#039;accord de gouvernement f\u00e9d\u00e9ral manque d&#039;ambition climatique et fait abstraction de la transition juste. - Coalition Climat<\/title>\n<meta name=\"description\" content=\"La Coalition Climat r\u00e9agit \u00e2prement \u00e0 l&#039;accord f\u00e9d\u00e9ral de l\u2019Arizona. Les politiques du nouveau gouvernement f\u00e9d\u00e9ral ne permettront ni \u00e0 la Belgique de respecter ses objectifs europ\u00e9ens, ni de se conformer au jugement de l\u2019Affaire Climat ni d\u2019atteindre la neutralit\u00e9 climatique comme convenu dans l\u2019Accord de Paris.\" \/>\n<meta name=\"robots\" content=\"index, follow, max-snippet:-1, max-image-preview:large, max-video-preview:-1\" \/>\n<link rel=\"canonical\" href=\"https:\/\/klimaatcoalitie-coalitionclimat.be\/fr\/laccord-de-gouvernement-federal-manque-dambition-climatique-et-fait-abstraction-de-la-transition-juste\/\" \/>\n<meta property=\"og:locale\" content=\"fr_FR\" \/>\n<meta property=\"og:type\" content=\"article\" \/>\n<meta property=\"og:title\" content=\"L&#039;accord de gouvernement f\u00e9d\u00e9ral manque d&#039;ambition climatique et fait abstraction de la transition juste. - Coalition Climat\" \/>\n<meta property=\"og:description\" content=\"La Coalition Climat r\u00e9agit \u00e2prement \u00e0 l&#039;accord f\u00e9d\u00e9ral de l\u2019Arizona. Les politiques du nouveau gouvernement f\u00e9d\u00e9ral ne permettront ni \u00e0 la Belgique de respecter ses objectifs europ\u00e9ens, ni de se conformer au jugement de l\u2019Affaire Climat ni d\u2019atteindre la neutralit\u00e9 climatique comme convenu dans l\u2019Accord de Paris.\" \/>\n<meta property=\"og:url\" content=\"https:\/\/klimaatcoalitie-coalitionclimat.be\/fr\/laccord-de-gouvernement-federal-manque-dambition-climatique-et-fait-abstraction-de-la-transition-juste\/\" \/>\n<meta property=\"og:site_name\" content=\"Coalition Climat\" \/>\n<meta property=\"article:published_time\" content=\"2025-02-03T15:51:31+00:00\" \/>\n<meta property=\"article:modified_time\" content=\"2025-02-03T16:21:44+00:00\" \/>\n<meta property=\"og:image\" content=\"https:\/\/klimaatcoalitie-coalitionclimat.be\/wp-content\/uploads\/2025\/02\/capture-decran-2025-02-03-a-165017-1024x949.png\" \/>\n\t<meta property=\"og:image:width\" content=\"1024\" \/>\n\t<meta property=\"og:image:height\" content=\"949\" \/>\n\t<meta property=\"og:image:type\" content=\"image\/png\" \/>\n<meta name=\"author\" content=\"Laurence Rouffart\" \/>\n<meta name=\"twitter:card\" content=\"summary_large_image\" \/>\n<meta name=\"twitter:creator\" content=\"@octopix\" \/>\n<meta name=\"twitter:label1\" content=\"\u00c9crit par\" \/>\n\t<meta name=\"twitter:data1\" content=\"Laurence Rouffart\" \/>\n\t<meta name=\"twitter:label2\" content=\"Dur\u00e9e de lecture estim\u00e9e\" \/>\n\t<meta name=\"twitter:data2\" content=\"3 minutes\" \/>\n<script type=\"application\/ld+json\" class=\"yoast-schema-graph\">{\"@context\":\"https:\/\/schema.org\",\"@graph\":[{\"@type\":\"Article\",\"@id\":\"https:\/\/klimaatcoalitie-coalitionclimat.be\/fr\/laccord-de-gouvernement-federal-manque-dambition-climatique-et-fait-abstraction-de-la-transition-juste\/#article\",\"isPartOf\":{\"@id\":\"https:\/\/klimaatcoalitie-coalitionclimat.be\/fr\/laccord-de-gouvernement-federal-manque-dambition-climatique-et-fait-abstraction-de-la-transition-juste\/\"},\"author\":{\"name\":\"Laurence Rouffart\",\"@id\":\"https:\/\/klimaatcoalitie-coalitionclimat.be\/fr\/#\/schema\/person\/b510cacb932f5e7d0c1bc723542ddb8d\"},\"headline\":\"L&rsquo;accord de gouvernement f\u00e9d\u00e9ral manque d&rsquo;ambition climatique et fait abstraction de la transition juste.\",\"datePublished\":\"2025-02-03T15:51:31+00:00\",\"dateModified\":\"2025-02-03T16:21:44+00:00\",\"mainEntityOfPage\":{\"@id\":\"https:\/\/klimaatcoalitie-coalitionclimat.be\/fr\/laccord-de-gouvernement-federal-manque-dambition-climatique-et-fait-abstraction-de-la-transition-juste\/\"},\"wordCount\":596,\"publisher\":{\"@id\":\"https:\/\/klimaatcoalitie-coalitionclimat.be\/fr\/#organization\"},\"image\":{\"@id\":\"https:\/\/klimaatcoalitie-coalitionclimat.be\/fr\/laccord-de-gouvernement-federal-manque-dambition-climatique-et-fait-abstraction-de-la-transition-juste\/#primaryimage\"},\"thumbnailUrl\":\"https:\/\/klimaatcoalitie-coalitionclimat.be\/wp-content\/uploads\/2025\/02\/capture-decran-2025-02-03-a-165017.png\",\"articleSection\":[\"Non classifi\u00e9(e)\"],\"inLanguage\":\"fr-FR\"},{\"@type\":\"WebPage\",\"@id\":\"https:\/\/klimaatcoalitie-coalitionclimat.be\/fr\/laccord-de-gouvernement-federal-manque-dambition-climatique-et-fait-abstraction-de-la-transition-juste\/\",\"url\":\"https:\/\/klimaatcoalitie-coalitionclimat.be\/fr\/laccord-de-gouvernement-federal-manque-dambition-climatique-et-fait-abstraction-de-la-transition-juste\/\",\"name\":\"L'accord de gouvernement f\u00e9d\u00e9ral manque d'ambition climatique et fait abstraction de la transition juste. - Coalition Climat\",\"isPartOf\":{\"@id\":\"https:\/\/klimaatcoalitie-coalitionclimat.be\/fr\/#website\"},\"primaryImageOfPage\":{\"@id\":\"https:\/\/klimaatcoalitie-coalitionclimat.be\/fr\/laccord-de-gouvernement-federal-manque-dambition-climatique-et-fait-abstraction-de-la-transition-juste\/#primaryimage\"},\"image\":{\"@id\":\"https:\/\/klimaatcoalitie-coalitionclimat.be\/fr\/laccord-de-gouvernement-federal-manque-dambition-climatique-et-fait-abstraction-de-la-transition-juste\/#primaryimage\"},\"thumbnailUrl\":\"https:\/\/klimaatcoalitie-coalitionclimat.be\/wp-content\/uploads\/2025\/02\/capture-decran-2025-02-03-a-165017.png\",\"datePublished\":\"2025-02-03T15:51:31+00:00\",\"dateModified\":\"2025-02-03T16:21:44+00:00\",\"description\":\"La Coalition Climat r\u00e9agit \u00e2prement \u00e0 l'accord f\u00e9d\u00e9ral de l\u2019Arizona. Les politiques du nouveau gouvernement f\u00e9d\u00e9ral ne permettront ni \u00e0 la Belgique de respecter ses objectifs europ\u00e9ens, ni de se conformer au jugement de l\u2019Affaire Climat ni d\u2019atteindre la neutralit\u00e9 climatique comme convenu dans l\u2019Accord de Paris.\",\"breadcrumb\":{\"@id\":\"https:\/\/klimaatcoalitie-coalitionclimat.be\/fr\/laccord-de-gouvernement-federal-manque-dambition-climatique-et-fait-abstraction-de-la-transition-juste\/#breadcrumb\"},\"inLanguage\":\"fr-FR\",\"potentialAction\":[{\"@type\":\"ReadAction\",\"target\":[\"https:\/\/klimaatcoalitie-coalitionclimat.be\/fr\/laccord-de-gouvernement-federal-manque-dambition-climatique-et-fait-abstraction-de-la-transition-juste\/\"]}]},{\"@type\":\"ImageObject\",\"inLanguage\":\"fr-FR\",\"@id\":\"https:\/\/klimaatcoalitie-coalitionclimat.be\/fr\/laccord-de-gouvernement-federal-manque-dambition-climatique-et-fait-abstraction-de-la-transition-juste\/#primaryimage\",\"url\":\"https:\/\/klimaatcoalitie-coalitionclimat.be\/wp-content\/uploads\/2025\/02\/capture-decran-2025-02-03-a-165017.png\",\"contentUrl\":\"https:\/\/klimaatcoalitie-coalitionclimat.be\/wp-content\/uploads\/2025\/02\/capture-decran-2025-02-03-a-165017.png\",\"width\":1140,\"height\":1056},{\"@type\":\"BreadcrumbList\",\"@id\":\"https:\/\/klimaatcoalitie-coalitionclimat.be\/fr\/laccord-de-gouvernement-federal-manque-dambition-climatique-et-fait-abstraction-de-la-transition-juste\/#breadcrumb\",\"itemListElement\":[{\"@type\":\"ListItem\",\"position\":1,\"name\":\"Accueil\",\"item\":\"https:\/\/klimaatcoalitie-coalitionclimat.be\/fr\/\"},{\"@type\":\"ListItem\",\"position\":2,\"name\":\"L&rsquo;accord de gouvernement f\u00e9d\u00e9ral manque d&rsquo;ambition climatique et fait abstraction de la transition juste.\"}]},{\"@type\":\"WebSite\",\"@id\":\"https:\/\/klimaatcoalitie-coalitionclimat.be\/fr\/#website\",\"url\":\"https:\/\/klimaatcoalitie-coalitionclimat.be\/fr\/\",\"name\":\"Coalition Climat\",\"description\":\"Verenigt, versterkt en mobiliseert iedereen in Belgi&euml; die ijvert voor een leefbaar klimaat.\",\"publisher\":{\"@id\":\"https:\/\/klimaatcoalitie-coalitionclimat.be\/fr\/#organization\"},\"potentialAction\":[{\"@type\":\"SearchAction\",\"target\":{\"@type\":\"EntryPoint\",\"urlTemplate\":\"https:\/\/klimaatcoalitie-coalitionclimat.be\/fr\/?s={search_term_string}\"},\"query-input\":{\"@type\":\"PropertyValueSpecification\",\"valueRequired\":true,\"valueName\":\"search_term_string\"}}],\"inLanguage\":\"fr-FR\"},{\"@type\":\"Organization\",\"@id\":\"https:\/\/klimaatcoalitie-coalitionclimat.be\/fr\/#organization\",\"name\":\"Coalition Climat\",\"url\":\"https:\/\/klimaatcoalitie-coalitionclimat.be\/fr\/\",\"logo\":{\"@type\":\"ImageObject\",\"inLanguage\":\"fr-FR\",\"@id\":\"https:\/\/klimaatcoalitie-coalitionclimat.be\/fr\/#\/schema\/logo\/image\/\",\"url\":\"https:\/\/klimaatcoalitie-coalitionclimat.be\/wp-content\/uploads\/2023\/07\/logo-sticker-full.svg\",\"contentUrl\":\"https:\/\/klimaatcoalitie-coalitionclimat.be\/wp-content\/uploads\/2023\/07\/logo-sticker-full.svg\",\"width\":297,\"height\":98,\"caption\":\"Coalition Climat\"},\"image\":{\"@id\":\"https:\/\/klimaatcoalitie-coalitionclimat.be\/fr\/#\/schema\/logo\/image\/\"}},{\"@type\":\"Person\",\"@id\":\"https:\/\/klimaatcoalitie-coalitionclimat.be\/fr\/#\/schema\/person\/b510cacb932f5e7d0c1bc723542ddb8d\",\"name\":\"Laurence Rouffart\",\"image\":{\"@type\":\"ImageObject\",\"inLanguage\":\"fr-FR\",\"@id\":\"https:\/\/klimaatcoalitie-coalitionclimat.be\/wp-content\/litespeed\/avatar\/68fdfa78d3500e6dc72b7857fc12833c.jpg?ver=1777393242\",\"url\":\"https:\/\/klimaatcoalitie-coalitionclimat.be\/wp-content\/litespeed\/avatar\/68fdfa78d3500e6dc72b7857fc12833c.jpg?ver=1777393242\",\"contentUrl\":\"https:\/\/klimaatcoalitie-coalitionclimat.be\/wp-content\/litespeed\/avatar\/68fdfa78d3500e6dc72b7857fc12833c.jpg?ver=1777393242\",\"caption\":\"Laurence Rouffart\"},\"sameAs\":[\"https:\/\/x.com\/octopix\"],\"url\":\"https:\/\/klimaatcoalitie-coalitionclimat.be\/fr\/author\/laurence\/\"}]}<\/script>\n<!-- \/ Yoast SEO plugin. -->","yoast_head_json":{"title":"L'accord de gouvernement f\u00e9d\u00e9ral manque d'ambition climatique et fait abstraction de la transition juste. - Coalition Climat","description":"La Coalition Climat r\u00e9agit \u00e2prement \u00e0 l'accord f\u00e9d\u00e9ral de l\u2019Arizona. Les politiques du nouveau gouvernement f\u00e9d\u00e9ral ne permettront ni \u00e0 la Belgique de respecter ses objectifs europ\u00e9ens, ni de se conformer au jugement de l\u2019Affaire Climat ni d\u2019atteindre la neutralit\u00e9 climatique comme convenu dans l\u2019Accord de Paris.","robots":{"index":"index","follow":"follow","max-snippet":"max-snippet:-1","max-image-preview":"max-image-preview:large","max-video-preview":"max-video-preview:-1"},"canonical":"https:\/\/klimaatcoalitie-coalitionclimat.be\/fr\/laccord-de-gouvernement-federal-manque-dambition-climatique-et-fait-abstraction-de-la-transition-juste\/","og_locale":"fr_FR","og_type":"article","og_title":"L'accord de gouvernement f\u00e9d\u00e9ral manque d'ambition climatique et fait abstraction de la transition juste. - Coalition Climat","og_description":"La Coalition Climat r\u00e9agit \u00e2prement \u00e0 l'accord f\u00e9d\u00e9ral de l\u2019Arizona. Les politiques du nouveau gouvernement f\u00e9d\u00e9ral ne permettront ni \u00e0 la Belgique de respecter ses objectifs europ\u00e9ens, ni de se conformer au jugement de l\u2019Affaire Climat ni d\u2019atteindre la neutralit\u00e9 climatique comme convenu dans l\u2019Accord de Paris.","og_url":"https:\/\/klimaatcoalitie-coalitionclimat.be\/fr\/laccord-de-gouvernement-federal-manque-dambition-climatique-et-fait-abstraction-de-la-transition-juste\/","og_site_name":"Coalition Climat","article_published_time":"2025-02-03T15:51:31+00:00","article_modified_time":"2025-02-03T16:21:44+00:00","og_image":[{"width":1024,"height":949,"url":"https:\/\/klimaatcoalitie-coalitionclimat.be\/wp-content\/uploads\/2025\/02\/capture-decran-2025-02-03-a-165017-1024x949.png","type":"image\/png"}],"author":"Laurence Rouffart","twitter_card":"summary_large_image","twitter_creator":"@octopix","twitter_misc":{"\u00c9crit par":"Laurence Rouffart","Dur\u00e9e de lecture estim\u00e9e":"3 minutes"},"schema":{"@context":"https:\/\/schema.org","@graph":[{"@type":"Article","@id":"https:\/\/klimaatcoalitie-coalitionclimat.be\/fr\/laccord-de-gouvernement-federal-manque-dambition-climatique-et-fait-abstraction-de-la-transition-juste\/#article","isPartOf":{"@id":"https:\/\/klimaatcoalitie-coalitionclimat.be\/fr\/laccord-de-gouvernement-federal-manque-dambition-climatique-et-fait-abstraction-de-la-transition-juste\/"},"author":{"name":"Laurence Rouffart","@id":"https:\/\/klimaatcoalitie-coalitionclimat.be\/fr\/#\/schema\/person\/b510cacb932f5e7d0c1bc723542ddb8d"},"headline":"L&rsquo;accord de gouvernement f\u00e9d\u00e9ral manque d&rsquo;ambition climatique et fait abstraction de la transition juste.","datePublished":"2025-02-03T15:51:31+00:00","dateModified":"2025-02-03T16:21:44+00:00","mainEntityOfPage":{"@id":"https:\/\/klimaatcoalitie-coalitionclimat.be\/fr\/laccord-de-gouvernement-federal-manque-dambition-climatique-et-fait-abstraction-de-la-transition-juste\/"},"wordCount":596,"publisher":{"@id":"https:\/\/klimaatcoalitie-coalitionclimat.be\/fr\/#organization"},"image":{"@id":"https:\/\/klimaatcoalitie-coalitionclimat.be\/fr\/laccord-de-gouvernement-federal-manque-dambition-climatique-et-fait-abstraction-de-la-transition-juste\/#primaryimage"},"thumbnailUrl":"https:\/\/klimaatcoalitie-coalitionclimat.be\/wp-content\/uploads\/2025\/02\/capture-decran-2025-02-03-a-165017.png","articleSection":["Non classifi\u00e9(e)"],"inLanguage":"fr-FR"},{"@type":"WebPage","@id":"https:\/\/klimaatcoalitie-coalitionclimat.be\/fr\/laccord-de-gouvernement-federal-manque-dambition-climatique-et-fait-abstraction-de-la-transition-juste\/","url":"https:\/\/klimaatcoalitie-coalitionclimat.be\/fr\/laccord-de-gouvernement-federal-manque-dambition-climatique-et-fait-abstraction-de-la-transition-juste\/","name":"L'accord de gouvernement f\u00e9d\u00e9ral manque d'ambition climatique et fait abstraction de la transition juste. - Coalition Climat","isPartOf":{"@id":"https:\/\/klimaatcoalitie-coalitionclimat.be\/fr\/#website"},"primaryImageOfPage":{"@id":"https:\/\/klimaatcoalitie-coalitionclimat.be\/fr\/laccord-de-gouvernement-federal-manque-dambition-climatique-et-fait-abstraction-de-la-transition-juste\/#primaryimage"},"image":{"@id":"https:\/\/klimaatcoalitie-coalitionclimat.be\/fr\/laccord-de-gouvernement-federal-manque-dambition-climatique-et-fait-abstraction-de-la-transition-juste\/#primaryimage"},"thumbnailUrl":"https:\/\/klimaatcoalitie-coalitionclimat.be\/wp-content\/uploads\/2025\/02\/capture-decran-2025-02-03-a-165017.png","datePublished":"2025-02-03T15:51:31+00:00","dateModified":"2025-02-03T16:21:44+00:00","description":"La Coalition Climat r\u00e9agit \u00e2prement \u00e0 l'accord f\u00e9d\u00e9ral de l\u2019Arizona. Les politiques du nouveau gouvernement f\u00e9d\u00e9ral ne permettront ni \u00e0 la Belgique de respecter ses objectifs europ\u00e9ens, ni de se conformer au jugement de l\u2019Affaire Climat ni d\u2019atteindre la neutralit\u00e9 climatique comme convenu dans l\u2019Accord de Paris.","breadcrumb":{"@id":"https:\/\/klimaatcoalitie-coalitionclimat.be\/fr\/laccord-de-gouvernement-federal-manque-dambition-climatique-et-fait-abstraction-de-la-transition-juste\/#breadcrumb"},"inLanguage":"fr-FR","potentialAction":[{"@type":"ReadAction","target":["https:\/\/klimaatcoalitie-coalitionclimat.be\/fr\/laccord-de-gouvernement-federal-manque-dambition-climatique-et-fait-abstraction-de-la-transition-juste\/"]}]},{"@type":"ImageObject","inLanguage":"fr-FR","@id":"https:\/\/klimaatcoalitie-coalitionclimat.be\/fr\/laccord-de-gouvernement-federal-manque-dambition-climatique-et-fait-abstraction-de-la-transition-juste\/#primaryimage","url":"https:\/\/klimaatcoalitie-coalitionclimat.be\/wp-content\/uploads\/2025\/02\/capture-decran-2025-02-03-a-165017.png","contentUrl":"https:\/\/klimaatcoalitie-coalitionclimat.be\/wp-content\/uploads\/2025\/02\/capture-decran-2025-02-03-a-165017.png","width":1140,"height":1056},{"@type":"BreadcrumbList","@id":"https:\/\/klimaatcoalitie-coalitionclimat.be\/fr\/laccord-de-gouvernement-federal-manque-dambition-climatique-et-fait-abstraction-de-la-transition-juste\/#breadcrumb","itemListElement":[{"@type":"ListItem","position":1,"name":"Accueil","item":"https:\/\/klimaatcoalitie-coalitionclimat.be\/fr\/"},{"@type":"ListItem","position":2,"name":"L&rsquo;accord de gouvernement f\u00e9d\u00e9ral manque d&rsquo;ambition climatique et fait abstraction de la transition juste."}]},{"@type":"WebSite","@id":"https:\/\/klimaatcoalitie-coalitionclimat.be\/fr\/#website","url":"https:\/\/klimaatcoalitie-coalitionclimat.be\/fr\/","name":"Coalition Climat","description":"Verenigt, versterkt en mobiliseert iedereen in Belgi&euml; die ijvert voor een leefbaar klimaat.","publisher":{"@id":"https:\/\/klimaatcoalitie-coalitionclimat.be\/fr\/#organization"},"potentialAction":[{"@type":"SearchAction","target":{"@type":"EntryPoint","urlTemplate":"https:\/\/klimaatcoalitie-coalitionclimat.be\/fr\/?s={search_term_string}"},"query-input":{"@type":"PropertyValueSpecification","valueRequired":true,"valueName":"search_term_string"}}],"inLanguage":"fr-FR"},{"@type":"Organization","@id":"https:\/\/klimaatcoalitie-coalitionclimat.be\/fr\/#organization","name":"Coalition Climat","url":"https:\/\/klimaatcoalitie-coalitionclimat.be\/fr\/","logo":{"@type":"ImageObject","inLanguage":"fr-FR","@id":"https:\/\/klimaatcoalitie-coalitionclimat.be\/fr\/#\/schema\/logo\/image\/","url":"https:\/\/klimaatcoalitie-coalitionclimat.be\/wp-content\/uploads\/2023\/07\/logo-sticker-full.svg","contentUrl":"https:\/\/klimaatcoalitie-coalitionclimat.be\/wp-content\/uploads\/2023\/07\/logo-sticker-full.svg","width":297,"height":98,"caption":"Coalition Climat"},"image":{"@id":"https:\/\/klimaatcoalitie-coalitionclimat.be\/fr\/#\/schema\/logo\/image\/"}},{"@type":"Person","@id":"https:\/\/klimaatcoalitie-coalitionclimat.be\/fr\/#\/schema\/person\/b510cacb932f5e7d0c1bc723542ddb8d","name":"Laurence Rouffart","image":{"@type":"ImageObject","inLanguage":"fr-FR","@id":"https:\/\/klimaatcoalitie-coalitionclimat.be\/wp-content\/litespeed\/avatar\/68fdfa78d3500e6dc72b7857fc12833c.jpg?ver=1777393242","url":"https:\/\/klimaatcoalitie-coalitionclimat.be\/wp-content\/litespeed\/avatar\/68fdfa78d3500e6dc72b7857fc12833c.jpg?ver=1777393242","contentUrl":"https:\/\/klimaatcoalitie-coalitionclimat.be\/wp-content\/litespeed\/avatar\/68fdfa78d3500e6dc72b7857fc12833c.jpg?ver=1777393242","caption":"Laurence Rouffart"},"sameAs":["https:\/\/x.com\/octopix"],"url":"https:\/\/klimaatcoalitie-coalitionclimat.be\/fr\/author\/laurence\/"}]}},"_links":{"self":[{"href":"https:\/\/klimaatcoalitie-coalitionclimat.be\/fr\/wp-json\/wp\/v2\/posts\/8789","targetHints":{"allow":["GET"]}}],"collection":[{"href":"https:\/\/klimaatcoalitie-coalitionclimat.be\/fr\/wp-json\/wp\/v2\/posts"}],"about":[{"href":"https:\/\/klimaatcoalitie-coalitionclimat.be\/fr\/wp-json\/wp\/v2\/types\/post"}],"author":[{"embeddable":true,"href":"https:\/\/klimaatcoalitie-coalitionclimat.be\/fr\/wp-json\/wp\/v2\/users\/9"}],"replies":[{"embeddable":true,"href":"https:\/\/klimaatcoalitie-coalitionclimat.be\/fr\/wp-json\/wp\/v2\/comments?post=8789"}],"version-history":[{"count":1,"href":"https:\/\/klimaatcoalitie-coalitionclimat.be\/fr\/wp-json\/wp\/v2\/posts\/8789\/revisions"}],"predecessor-version":[{"id":8794,"href":"https:\/\/klimaatcoalitie-coalitionclimat.be\/fr\/wp-json\/wp\/v2\/posts\/8789\/revisions\/8794"}],"wp:featuredmedia":[{"embeddable":true,"href":"https:\/\/klimaatcoalitie-coalitionclimat.be\/fr\/wp-json\/wp\/v2\/media\/8792"}],"wp:attachment":[{"href":"https:\/\/klimaatcoalitie-coalitionclimat.be\/fr\/wp-json\/wp\/v2\/media?parent=8789"}],"wp:term":[{"taxonomy":"category","embeddable":true,"href":"https:\/\/klimaatcoalitie-coalitionclimat.be\/fr\/wp-json\/wp\/v2\/categories?post=8789"},{"taxonomy":"post_tag","embeddable":true,"href":"https:\/\/klimaatcoalitie-coalitionclimat.be\/fr\/wp-json\/wp\/v2\/tags?post=8789"}],"curies":[{"name":"wp","href":"https:\/\/api.w.org\/{rel}","templated":true}]}}