{"id":3117,"date":"2024-02-06T13:10:32","date_gmt":"2024-02-06T12:10:32","guid":{"rendered":"https:\/\/klimaatcoalitie.be\/?p=3117"},"modified":"2024-02-06T15:29:09","modified_gmt":"2024-02-06T14:29:09","slug":"objectif-2040","status":"publish","type":"post","link":"https:\/\/klimaatcoalitie-coalitionclimat.be\/fr\/objectif-2040\/","title":{"rendered":"Objectif 2040\u00a0"},"content":{"rendered":"<h2 class=\"wp-block-heading\" id=\"une-ambition-presque-a-la-hauteurnbspdes-recommandations-scientifiquesnbsp\">Une ambition presque \u00e0 la hauteur des recommandations scientifiques. <\/h2>\n\n\n<p><\/p>\n\n\n\n<p><strong>La Commission europ\u00e9enne propose un objectif de r\u00e9duction des gaz \u00e0 effet de serre de -90%&nbsp; \u00e0 l\u2019horizon 2040. Une cible qui constitue un rehaussement de l&rsquo;ambition europ\u00e9enne mais qui \u00e9choue \u00e0 r\u00e9pondre \u00e0 l\u2019Accord de Paris.&nbsp;<\/strong><\/p>\n\n\n\n<p>La Commission europ\u00e9enne a pr\u00e9sent\u00e9 ce 6 f\u00e9vrier sa proposition de fixer un objectif net de r\u00e9duction de -90% des \u00e9missions de gaz \u00e0 effet de serre \u00e0 l\u2019horizon 2040. Le Conseil scientifique consultatif europ\u00e9en sur le climat avait estim\u00e9 la diminution nette n\u00e9cessaire \u00e0 une fourchette allant de -90% \u00e0 -95%. La Commission se cantonne au strict minimum et ce, en d\u00e9pit des multiples b\u00e9n\u00e9fices \u00e9conomiques, sociaux et environnementaux que l\u2019\u00e9tude du Conseil a mis en exergue.&nbsp;<\/p>\n\n\n\n<p><\/p>\n\n\n\n<p>La priorit\u00e9 absolue doit rester la suppression des \u00e9missions brutes via la sortie des \u00e9nergies fossiles la plus rapide possible, encadr\u00e9e par un processus de transition juste. Or, le plan propos\u00e9 par la Commission laisse une grande place \u00e0 l&rsquo;utilisation du gaz naturel pour la transition, aux carburants de synth\u00e8se et aux technologies de capture du carbone. Ces \u00e9l\u00e9ments doivent rester marginaux par rapport \u00e0 de vraies solutions comme les \u00e9conomies d\u2019\u00e9nergie, les investissements dans les \u00e9nergies renouvelables ou la restauration de la nature.<\/p>\n\n\n\n<p><\/p>\n\n\n\n<p>\u201c<em>En tant que pr\u00e9sidente du Conseil de l\u2019Union Europ\u00e9enne, la Belgique a un r\u00f4le \u00e0 jouer d\u00e8s maintenant pour garantir que cette ambition minimale de -90% soit respect\u00e9e\u201d<\/em> d\u00e9clare Nicolas Van Nuffel, pr\u00e9sident de la Coalition Climat. <em>\u201cL\u2019essentiel de la d\u00e9carbonation doit avoir lieu avant 2040, pour permettre d\u2019atteindre la neutralit\u00e9 carbone au plus t\u00f4t durant la d\u00e9cennie suivante.\u201d<\/em><\/p>\n\n\n\n<p><\/p>\n\n\n\n<p><strong><em>Contact presse : <\/em><\/strong>Laurence Rouffart <a href=\"mailto:com-press@coalitionclimat.be\"><strong>com-press@coalitionclimat.be<\/strong><\/a><strong><em> <\/em><\/strong>&nbsp;0470 98 17 15<br><\/p>\n\n\n\n<div class=\"wp-block-file\"><a id=\"wp-block-file--media-f24e1746-7f59-4c7e-a438-abd84f53c432\" href=\"https:\/\/klimaatcoalitie-coalitionclimat.be\/wp-content\/uploads\/2024\/02\/20240206-CP_PB-Objectif-2040-FR_NL-1.pdf\">20240206 CP_PB Objectif 2040 FR_NL<\/a><a href=\"https:\/\/klimaatcoalitie-coalitionclimat.be\/wp-content\/uploads\/2024\/02\/20240206-CP_PB-Objectif-2040-FR_NL-1.pdf\" class=\"wp-block-file__button wp-element-button\" download aria-describedby=\"wp-block-file--media-f24e1746-7f59-4c7e-a438-abd84f53c432\">T\u00e9l\u00e9charger<\/a><\/div>\n","protected":false},"excerpt":{"rendered":"<p>Une ambition presque \u00e0 la hauteur&nbsp;des recommandations scientifiques.&nbsp; La Commission europ\u00e9enne propose un objectif de r\u00e9duction des gaz \u00e0 effet de serre de -90%&nbsp; \u00e0 l\u2019horizon 2040. Une cible qui [&hellip;]<\/p>\n","protected":false},"author":9,"featured_media":3139,"comment_status":"closed","ping_status":"closed","sticky":false,"template":"","format":"standard","meta":{"_acf_changed":false,"inline_featured_image":false,"_EventAllDay":false,"_EventTimezone":"","_EventStartDate":"","_EventEndDate":"","_EventStartDateUTC":"","_EventEndDateUTC":"","_EventShowMap":false,"_EventShowMapLink":false,"_EventURL":"","_EventCost":"","_EventCostDescription":"","_EventCurrencySymbol":"","_EventCurrencyCode":"","_EventCurrencyPosition":"","_EventDateTimeSeparator":"","_EventTimeRangeSeparator":"","_EventOrganizerID":[],"_EventVenueID":[],"_OrganizerEmail":"","_OrganizerPhone":"","_OrganizerWebsite":"","_VenueAddress":"","_VenueCity":"","_VenueCountry":"","_VenueProvince":"","_VenueState":"","_VenueZip":"","_VenuePhone":"","_VenueURL":"","_VenueStateProvince":"","_VenueLat":"","_VenueLng":"","_VenueShowMap":false,"_VenueShowMapLink":false,"footnotes":""},"categories":[1],"tags":[],"class_list":["post-3117","post","type-post","status-publish","format-standard","has-post-thumbnail","hentry","category-non-classe"],"acf":[],"yoast_head":"<!-- This site is optimized with the Yoast SEO plugin v27.2 - https:\/\/yoast.com\/product\/yoast-seo-wordpress\/ -->\n<title>Objectif 2040\u00a0 - Coalition Climat<\/title>\n<meta name=\"robots\" content=\"index, follow, max-snippet:-1, max-image-preview:large, max-video-preview:-1\" \/>\n<link rel=\"canonical\" href=\"https:\/\/klimaatcoalitie-coalitionclimat.be\/fr\/objectif-2040\/\" \/>\n<meta property=\"og:locale\" content=\"fr_FR\" \/>\n<meta property=\"og:type\" content=\"article\" \/>\n<meta property=\"og:title\" content=\"Objectif 2040\u00a0 - Coalition Climat\" \/>\n<meta property=\"og:description\" content=\"Une ambition presque \u00e0 la hauteur&nbsp;des recommandations scientifiques.&nbsp; La Commission europ\u00e9enne propose un objectif de r\u00e9duction des gaz \u00e0 effet de serre de -90%&nbsp; \u00e0 l\u2019horizon 2040. Une cible qui [&hellip;]\" \/>\n<meta property=\"og:url\" content=\"https:\/\/klimaatcoalitie-coalitionclimat.be\/fr\/objectif-2040\/\" \/>\n<meta property=\"og:site_name\" content=\"Coalition Climat\" \/>\n<meta property=\"article:published_time\" content=\"2024-02-06T12:10:32+00:00\" \/>\n<meta property=\"article:modified_time\" content=\"2024-02-06T14:29:09+00:00\" \/>\n<meta property=\"og:image\" content=\"https:\/\/klimaatcoalitie-coalitionclimat.be\/wp-content\/uploads\/2024\/02\/capture-decran-2024-02-06-a-152815.png\" \/>\n\t<meta property=\"og:image:width\" content=\"1467\" \/>\n\t<meta property=\"og:image:height\" content=\"820\" \/>\n\t<meta property=\"og:image:type\" content=\"image\/png\" \/>\n<meta name=\"author\" content=\"Laurence Rouffart\" \/>\n<meta name=\"twitter:card\" content=\"summary_large_image\" \/>\n<meta name=\"twitter:creator\" content=\"@octopix\" \/>\n<meta name=\"twitter:label1\" content=\"\u00c9crit par\" \/>\n\t<meta name=\"twitter:data1\" content=\"Laurence Rouffart\" \/>\n\t<meta name=\"twitter:label2\" content=\"Dur\u00e9e de lecture estim\u00e9e\" \/>\n\t<meta name=\"twitter:data2\" content=\"2 minutes\" \/>\n<script type=\"application\/ld+json\" class=\"yoast-schema-graph\">{\"@context\":\"https:\/\/schema.org\",\"@graph\":[{\"@type\":\"Article\",\"@id\":\"https:\/\/klimaatcoalitie-coalitionclimat.be\/fr\/objectif-2040\/#article\",\"isPartOf\":{\"@id\":\"https:\/\/klimaatcoalitie-coalitionclimat.be\/fr\/objectif-2040\/\"},\"author\":{\"name\":\"Laurence Rouffart\",\"@id\":\"https:\/\/klimaatcoalitie-coalitionclimat.be\/fr\/#\/schema\/person\/b510cacb932f5e7d0c1bc723542ddb8d\"},\"headline\":\"Objectif 2040\u00a0\",\"datePublished\":\"2024-02-06T12:10:32+00:00\",\"dateModified\":\"2024-02-06T14:29:09+00:00\",\"mainEntityOfPage\":{\"@id\":\"https:\/\/klimaatcoalitie-coalitionclimat.be\/fr\/objectif-2040\/\"},\"wordCount\":309,\"publisher\":{\"@id\":\"https:\/\/klimaatcoalitie-coalitionclimat.be\/fr\/#organization\"},\"image\":{\"@id\":\"https:\/\/klimaatcoalitie-coalitionclimat.be\/fr\/objectif-2040\/#primaryimage\"},\"thumbnailUrl\":\"https:\/\/klimaatcoalitie-coalitionclimat.be\/wp-content\/uploads\/2024\/02\/capture-decran-2024-02-06-a-152815.png\",\"inLanguage\":\"fr-FR\"},{\"@type\":\"WebPage\",\"@id\":\"https:\/\/klimaatcoalitie-coalitionclimat.be\/fr\/objectif-2040\/\",\"url\":\"https:\/\/klimaatcoalitie-coalitionclimat.be\/fr\/objectif-2040\/\",\"name\":\"Objectif 2040\u00a0 - Coalition Climat\",\"isPartOf\":{\"@id\":\"https:\/\/klimaatcoalitie-coalitionclimat.be\/fr\/#website\"},\"primaryImageOfPage\":{\"@id\":\"https:\/\/klimaatcoalitie-coalitionclimat.be\/fr\/objectif-2040\/#primaryimage\"},\"image\":{\"@id\":\"https:\/\/klimaatcoalitie-coalitionclimat.be\/fr\/objectif-2040\/#primaryimage\"},\"thumbnailUrl\":\"https:\/\/klimaatcoalitie-coalitionclimat.be\/wp-content\/uploads\/2024\/02\/capture-decran-2024-02-06-a-152815.png\",\"datePublished\":\"2024-02-06T12:10:32+00:00\",\"dateModified\":\"2024-02-06T14:29:09+00:00\",\"breadcrumb\":{\"@id\":\"https:\/\/klimaatcoalitie-coalitionclimat.be\/fr\/objectif-2040\/#breadcrumb\"},\"inLanguage\":\"fr-FR\",\"potentialAction\":[{\"@type\":\"ReadAction\",\"target\":[\"https:\/\/klimaatcoalitie-coalitionclimat.be\/fr\/objectif-2040\/\"]}]},{\"@type\":\"ImageObject\",\"inLanguage\":\"fr-FR\",\"@id\":\"https:\/\/klimaatcoalitie-coalitionclimat.be\/fr\/objectif-2040\/#primaryimage\",\"url\":\"https:\/\/klimaatcoalitie-coalitionclimat.be\/wp-content\/uploads\/2024\/02\/capture-decran-2024-02-06-a-152815.png\",\"contentUrl\":\"https:\/\/klimaatcoalitie-coalitionclimat.be\/wp-content\/uploads\/2024\/02\/capture-decran-2024-02-06-a-152815.png\",\"width\":1467,\"height\":820},{\"@type\":\"BreadcrumbList\",\"@id\":\"https:\/\/klimaatcoalitie-coalitionclimat.be\/fr\/objectif-2040\/#breadcrumb\",\"itemListElement\":[{\"@type\":\"ListItem\",\"position\":1,\"name\":\"Accueil\",\"item\":\"https:\/\/klimaatcoalitie-coalitionclimat.be\/fr\/\"},{\"@type\":\"ListItem\",\"position\":2,\"name\":\"Objectif 2040\u00a0\"}]},{\"@type\":\"WebSite\",\"@id\":\"https:\/\/klimaatcoalitie-coalitionclimat.be\/fr\/#website\",\"url\":\"https:\/\/klimaatcoalitie-coalitionclimat.be\/fr\/\",\"name\":\"Coalition Climat\",\"description\":\"Verenigt, versterkt en mobiliseert iedereen in Belgi&euml; die ijvert voor een leefbaar klimaat.\",\"publisher\":{\"@id\":\"https:\/\/klimaatcoalitie-coalitionclimat.be\/fr\/#organization\"},\"potentialAction\":[{\"@type\":\"SearchAction\",\"target\":{\"@type\":\"EntryPoint\",\"urlTemplate\":\"https:\/\/klimaatcoalitie-coalitionclimat.be\/fr\/?s={search_term_string}\"},\"query-input\":{\"@type\":\"PropertyValueSpecification\",\"valueRequired\":true,\"valueName\":\"search_term_string\"}}],\"inLanguage\":\"fr-FR\"},{\"@type\":\"Organization\",\"@id\":\"https:\/\/klimaatcoalitie-coalitionclimat.be\/fr\/#organization\",\"name\":\"Coalition Climat\",\"url\":\"https:\/\/klimaatcoalitie-coalitionclimat.be\/fr\/\",\"logo\":{\"@type\":\"ImageObject\",\"inLanguage\":\"fr-FR\",\"@id\":\"https:\/\/klimaatcoalitie-coalitionclimat.be\/fr\/#\/schema\/logo\/image\/\",\"url\":\"https:\/\/klimaatcoalitie-coalitionclimat.be\/wp-content\/uploads\/2023\/07\/logo-sticker-full.svg\",\"contentUrl\":\"https:\/\/klimaatcoalitie-coalitionclimat.be\/wp-content\/uploads\/2023\/07\/logo-sticker-full.svg\",\"width\":297,\"height\":98,\"caption\":\"Coalition Climat\"},\"image\":{\"@id\":\"https:\/\/klimaatcoalitie-coalitionclimat.be\/fr\/#\/schema\/logo\/image\/\"}},{\"@type\":\"Person\",\"@id\":\"https:\/\/klimaatcoalitie-coalitionclimat.be\/fr\/#\/schema\/person\/b510cacb932f5e7d0c1bc723542ddb8d\",\"name\":\"Laurence Rouffart\",\"image\":{\"@type\":\"ImageObject\",\"inLanguage\":\"fr-FR\",\"@id\":\"https:\/\/klimaatcoalitie-coalitionclimat.be\/wp-content\/litespeed\/avatar\/68fdfa78d3500e6dc72b7857fc12833c.jpg?ver=1777393242\",\"url\":\"https:\/\/klimaatcoalitie-coalitionclimat.be\/wp-content\/litespeed\/avatar\/68fdfa78d3500e6dc72b7857fc12833c.jpg?ver=1777393242\",\"contentUrl\":\"https:\/\/klimaatcoalitie-coalitionclimat.be\/wp-content\/litespeed\/avatar\/68fdfa78d3500e6dc72b7857fc12833c.jpg?ver=1777393242\",\"caption\":\"Laurence Rouffart\"},\"sameAs\":[\"https:\/\/x.com\/octopix\"],\"url\":\"https:\/\/klimaatcoalitie-coalitionclimat.be\/fr\/author\/laurence\/\"}]}<\/script>\n<!-- \/ Yoast SEO plugin. -->","yoast_head_json":{"title":"Objectif 2040\u00a0 - Coalition Climat","robots":{"index":"index","follow":"follow","max-snippet":"max-snippet:-1","max-image-preview":"max-image-preview:large","max-video-preview":"max-video-preview:-1"},"canonical":"https:\/\/klimaatcoalitie-coalitionclimat.be\/fr\/objectif-2040\/","og_locale":"fr_FR","og_type":"article","og_title":"Objectif 2040\u00a0 - Coalition Climat","og_description":"Une ambition presque \u00e0 la hauteur&nbsp;des recommandations scientifiques.&nbsp; La Commission europ\u00e9enne propose un objectif de r\u00e9duction des gaz \u00e0 effet de serre de -90%&nbsp; \u00e0 l\u2019horizon 2040. Une cible qui [&hellip;]","og_url":"https:\/\/klimaatcoalitie-coalitionclimat.be\/fr\/objectif-2040\/","og_site_name":"Coalition Climat","article_published_time":"2024-02-06T12:10:32+00:00","article_modified_time":"2024-02-06T14:29:09+00:00","og_image":[{"width":1467,"height":820,"url":"https:\/\/klimaatcoalitie-coalitionclimat.be\/wp-content\/uploads\/2024\/02\/capture-decran-2024-02-06-a-152815.png","type":"image\/png"}],"author":"Laurence Rouffart","twitter_card":"summary_large_image","twitter_creator":"@octopix","twitter_misc":{"\u00c9crit par":"Laurence Rouffart","Dur\u00e9e de lecture estim\u00e9e":"2 minutes"},"schema":{"@context":"https:\/\/schema.org","@graph":[{"@type":"Article","@id":"https:\/\/klimaatcoalitie-coalitionclimat.be\/fr\/objectif-2040\/#article","isPartOf":{"@id":"https:\/\/klimaatcoalitie-coalitionclimat.be\/fr\/objectif-2040\/"},"author":{"name":"Laurence Rouffart","@id":"https:\/\/klimaatcoalitie-coalitionclimat.be\/fr\/#\/schema\/person\/b510cacb932f5e7d0c1bc723542ddb8d"},"headline":"Objectif 2040\u00a0","datePublished":"2024-02-06T12:10:32+00:00","dateModified":"2024-02-06T14:29:09+00:00","mainEntityOfPage":{"@id":"https:\/\/klimaatcoalitie-coalitionclimat.be\/fr\/objectif-2040\/"},"wordCount":309,"publisher":{"@id":"https:\/\/klimaatcoalitie-coalitionclimat.be\/fr\/#organization"},"image":{"@id":"https:\/\/klimaatcoalitie-coalitionclimat.be\/fr\/objectif-2040\/#primaryimage"},"thumbnailUrl":"https:\/\/klimaatcoalitie-coalitionclimat.be\/wp-content\/uploads\/2024\/02\/capture-decran-2024-02-06-a-152815.png","inLanguage":"fr-FR"},{"@type":"WebPage","@id":"https:\/\/klimaatcoalitie-coalitionclimat.be\/fr\/objectif-2040\/","url":"https:\/\/klimaatcoalitie-coalitionclimat.be\/fr\/objectif-2040\/","name":"Objectif 2040\u00a0 - Coalition Climat","isPartOf":{"@id":"https:\/\/klimaatcoalitie-coalitionclimat.be\/fr\/#website"},"primaryImageOfPage":{"@id":"https:\/\/klimaatcoalitie-coalitionclimat.be\/fr\/objectif-2040\/#primaryimage"},"image":{"@id":"https:\/\/klimaatcoalitie-coalitionclimat.be\/fr\/objectif-2040\/#primaryimage"},"thumbnailUrl":"https:\/\/klimaatcoalitie-coalitionclimat.be\/wp-content\/uploads\/2024\/02\/capture-decran-2024-02-06-a-152815.png","datePublished":"2024-02-06T12:10:32+00:00","dateModified":"2024-02-06T14:29:09+00:00","breadcrumb":{"@id":"https:\/\/klimaatcoalitie-coalitionclimat.be\/fr\/objectif-2040\/#breadcrumb"},"inLanguage":"fr-FR","potentialAction":[{"@type":"ReadAction","target":["https:\/\/klimaatcoalitie-coalitionclimat.be\/fr\/objectif-2040\/"]}]},{"@type":"ImageObject","inLanguage":"fr-FR","@id":"https:\/\/klimaatcoalitie-coalitionclimat.be\/fr\/objectif-2040\/#primaryimage","url":"https:\/\/klimaatcoalitie-coalitionclimat.be\/wp-content\/uploads\/2024\/02\/capture-decran-2024-02-06-a-152815.png","contentUrl":"https:\/\/klimaatcoalitie-coalitionclimat.be\/wp-content\/uploads\/2024\/02\/capture-decran-2024-02-06-a-152815.png","width":1467,"height":820},{"@type":"BreadcrumbList","@id":"https:\/\/klimaatcoalitie-coalitionclimat.be\/fr\/objectif-2040\/#breadcrumb","itemListElement":[{"@type":"ListItem","position":1,"name":"Accueil","item":"https:\/\/klimaatcoalitie-coalitionclimat.be\/fr\/"},{"@type":"ListItem","position":2,"name":"Objectif 2040\u00a0"}]},{"@type":"WebSite","@id":"https:\/\/klimaatcoalitie-coalitionclimat.be\/fr\/#website","url":"https:\/\/klimaatcoalitie-coalitionclimat.be\/fr\/","name":"Coalition Climat","description":"Verenigt, versterkt en mobiliseert iedereen in Belgi&euml; die ijvert voor een leefbaar klimaat.","publisher":{"@id":"https:\/\/klimaatcoalitie-coalitionclimat.be\/fr\/#organization"},"potentialAction":[{"@type":"SearchAction","target":{"@type":"EntryPoint","urlTemplate":"https:\/\/klimaatcoalitie-coalitionclimat.be\/fr\/?s={search_term_string}"},"query-input":{"@type":"PropertyValueSpecification","valueRequired":true,"valueName":"search_term_string"}}],"inLanguage":"fr-FR"},{"@type":"Organization","@id":"https:\/\/klimaatcoalitie-coalitionclimat.be\/fr\/#organization","name":"Coalition Climat","url":"https:\/\/klimaatcoalitie-coalitionclimat.be\/fr\/","logo":{"@type":"ImageObject","inLanguage":"fr-FR","@id":"https:\/\/klimaatcoalitie-coalitionclimat.be\/fr\/#\/schema\/logo\/image\/","url":"https:\/\/klimaatcoalitie-coalitionclimat.be\/wp-content\/uploads\/2023\/07\/logo-sticker-full.svg","contentUrl":"https:\/\/klimaatcoalitie-coalitionclimat.be\/wp-content\/uploads\/2023\/07\/logo-sticker-full.svg","width":297,"height":98,"caption":"Coalition Climat"},"image":{"@id":"https:\/\/klimaatcoalitie-coalitionclimat.be\/fr\/#\/schema\/logo\/image\/"}},{"@type":"Person","@id":"https:\/\/klimaatcoalitie-coalitionclimat.be\/fr\/#\/schema\/person\/b510cacb932f5e7d0c1bc723542ddb8d","name":"Laurence Rouffart","image":{"@type":"ImageObject","inLanguage":"fr-FR","@id":"https:\/\/klimaatcoalitie-coalitionclimat.be\/wp-content\/litespeed\/avatar\/68fdfa78d3500e6dc72b7857fc12833c.jpg?ver=1777393242","url":"https:\/\/klimaatcoalitie-coalitionclimat.be\/wp-content\/litespeed\/avatar\/68fdfa78d3500e6dc72b7857fc12833c.jpg?ver=1777393242","contentUrl":"https:\/\/klimaatcoalitie-coalitionclimat.be\/wp-content\/litespeed\/avatar\/68fdfa78d3500e6dc72b7857fc12833c.jpg?ver=1777393242","caption":"Laurence Rouffart"},"sameAs":["https:\/\/x.com\/octopix"],"url":"https:\/\/klimaatcoalitie-coalitionclimat.be\/fr\/author\/laurence\/"}]}},"_links":{"self":[{"href":"https:\/\/klimaatcoalitie-coalitionclimat.be\/fr\/wp-json\/wp\/v2\/posts\/3117","targetHints":{"allow":["GET"]}}],"collection":[{"href":"https:\/\/klimaatcoalitie-coalitionclimat.be\/fr\/wp-json\/wp\/v2\/posts"}],"about":[{"href":"https:\/\/klimaatcoalitie-coalitionclimat.be\/fr\/wp-json\/wp\/v2\/types\/post"}],"author":[{"embeddable":true,"href":"https:\/\/klimaatcoalitie-coalitionclimat.be\/fr\/wp-json\/wp\/v2\/users\/9"}],"replies":[{"embeddable":true,"href":"https:\/\/klimaatcoalitie-coalitionclimat.be\/fr\/wp-json\/wp\/v2\/comments?post=3117"}],"version-history":[{"count":7,"href":"https:\/\/klimaatcoalitie-coalitionclimat.be\/fr\/wp-json\/wp\/v2\/posts\/3117\/revisions"}],"predecessor-version":[{"id":3144,"href":"https:\/\/klimaatcoalitie-coalitionclimat.be\/fr\/wp-json\/wp\/v2\/posts\/3117\/revisions\/3144"}],"wp:featuredmedia":[{"embeddable":true,"href":"https:\/\/klimaatcoalitie-coalitionclimat.be\/fr\/wp-json\/wp\/v2\/media\/3139"}],"wp:attachment":[{"href":"https:\/\/klimaatcoalitie-coalitionclimat.be\/fr\/wp-json\/wp\/v2\/media?parent=3117"}],"wp:term":[{"taxonomy":"category","embeddable":true,"href":"https:\/\/klimaatcoalitie-coalitionclimat.be\/fr\/wp-json\/wp\/v2\/categories?post=3117"},{"taxonomy":"post_tag","embeddable":true,"href":"https:\/\/klimaatcoalitie-coalitionclimat.be\/fr\/wp-json\/wp\/v2\/tags?post=3117"}],"curies":[{"name":"wp","href":"https:\/\/api.w.org\/{rel}","templated":true}]}}