{"id":12105,"date":"2026-04-27T11:13:46","date_gmt":"2026-04-27T09:13:46","guid":{"rendered":"https:\/\/klimaatcoalitie-coalitionclimat.be\/?p=12105"},"modified":"2026-04-28T10:12:22","modified_gmt":"2026-04-28T08:12:22","slug":"whats-the-plan-bihet","status":"publish","type":"post","link":"https:\/\/klimaatcoalitie-coalitionclimat.be\/fr\/whats-the-plan-bihet\/","title":{"rendered":"\u00ab What&rsquo;s the plan, Bihet ? \u00bb"},"content":{"rendered":"<h2 class=\"wp-block-heading has-text-align-center\" id=\"la-societe-civile-critique-labsence-du-ministre-de-lenergienbspavec-une-gigantesque-facture-sur-la-place-de-la-monnaie\"><strong>La soci\u00e9t\u00e9 civile critique l&rsquo;absence du ministre de l&rsquo;\u00c9nergie avec une gigantesque facture sur la Place de la Monnaie<\/strong><\/h2>\n\n<h5 class=\"wp-block-heading\" id=\"ce-matin-la-monnaie-a-bruxelles-offrait-un-spectacle-inhabituel-cette-place-pietonne-habituellement-animee-par-le-passage-de-marcheurs-de-trottinettes-et-de-cyclistes-en-tout-genre-a-soudainement-ete\"><strong>Ce matin, la Monnaie \u00e0 Bruxelles offrait un spectacle inhabituel. Cette place pi\u00e9tonne, habituellement anim\u00e9e par le passage de marcheurs, de trottinettes et de cyclistes en tout genre, a soudainement \u00e9t\u00e9 occup\u00e9e par une facture de plusieurs m\u00e8tres de haut affichant un point d&rsquo;interrogation. Sur ce point d&rsquo;interrogation figurait le visage d&rsquo;un homme accompagn\u00e9 du slogan \u00ab What&rsquo;s your plan, Bihet ? \u00bb<\/strong><\/h5>\n\n\n<p><\/p>\n\n\n\n<p><\/p>\n\n\n\n<p><a href=\"https:\/\/drive.google.com\/drive\/folders\/12AdywF7quXk5U0UYooAmATsQ62iJOY4H?usp=sharing\"><em>Lien vers les images du jour<\/em><\/a><em>&nbsp;<\/em><\/p>\n\n\n<div class=\"wp-block-image is-style-small-rounded\">\n<figure class=\"alignleft size-large is-resized\"><img loading=\"lazy\" decoding=\"async\" width=\"683\" height=\"1024\" src=\"https:\/\/klimaatcoalitie-coalitionclimat.be\/wp-content\/uploads\/2026\/04\/tdh0106-683x1024.jpg\" alt=\"\" class=\"wp-image-12123\" style=\"width:290px;height:auto\" srcset=\"https:\/\/klimaatcoalitie-coalitionclimat.be\/wp-content\/uploads\/2026\/04\/tdh0106-683x1024.jpg 683w, https:\/\/klimaatcoalitie-coalitionclimat.be\/wp-content\/uploads\/2026\/04\/tdh0106-200x300.jpg 200w, https:\/\/klimaatcoalitie-coalitionclimat.be\/wp-content\/uploads\/2026\/04\/tdh0106-768x1152.jpg 768w, https:\/\/klimaatcoalitie-coalitionclimat.be\/wp-content\/uploads\/2026\/04\/tdh0106-1024x1536.jpg 1024w, https:\/\/klimaatcoalitie-coalitionclimat.be\/wp-content\/uploads\/2026\/04\/tdh0106-333x500.jpg 333w, https:\/\/klimaatcoalitie-coalitionclimat.be\/wp-content\/uploads\/2026\/04\/tdh0106-247x370.jpg 247w, https:\/\/klimaatcoalitie-coalitionclimat.be\/wp-content\/uploads\/2026\/04\/tdh0106.jpg 1280w\" sizes=\"auto, (max-width: 683px) 100vw, 683px\" \/><\/figure>\n<\/div>\n\n\n<p><\/p>\n\n\n\n<p>La Coalition Climat s\u2019est rendue lundi sur la Place de la Monnaie \u00e0 Bruxelles avec un message percutant : une facture de plusieurs m\u00e8tres de haut adress\u00e9e au ministre de l&rsquo;\u00c9nergie Mathieu Bihet, totalement absent en pleine crise \u00e9nerg\u00e9tique.<\/p>\n\n\n\n<p>Aucun.e des passant.e.s interpell\u00e9.e.s ne reconnaissait l&rsquo;homme&#8230; C&rsquo;est pr\u00e9cis\u00e9ment l\u00e0 que le b\u00e2t blesse. Le ministre f\u00e9d\u00e9ral de l&rsquo;\u00c9nergie Mathieu Bihet est vis\u00e9 et pour cause : le ministre f\u00e9d\u00e9ral de l&rsquo;\u00c9nergie Mathieu Bihet est totalement inconnu et absent, en pleine crise climatique et \u00e9nerg\u00e9tique. \u00ab Bihet, qui ? \u00bb r\u00e9sume un Bruxellois.&nbsp;<\/p>\n\n\n<h2 class=\"wp-block-heading\" id=\"un-schema-dimmobilisme\"><strong>Un sch\u00e9ma d&rsquo;immobilisme<\/strong><\/h2>\n\n\n<p>Alors que l&rsquo;Europe fait face pour la deuxi\u00e8me fois en quatre ans \u00e0 une crise \u00e9nerg\u00e9tique fossile, une vision \u00e0 long terme n&rsquo;est toujours pas pr\u00e9sente pour la Belgique. Le faux pas de notre gouvernement n&rsquo;est pas un cas isol\u00e9, mais bien un sch\u00e9ma : les dossiers \u00e9nerg\u00e9tiques pourtant cruciaux s&rsquo;\u00e9ternisent, les d\u00e9cisions sont report\u00e9es et les d\u00e9lais sont manqu\u00e9s. La Belgique reste ainsi l&rsquo;un des plus mauvais \u00e9l\u00e8ves de la classe europ\u00e9enne en mati\u00e8re d&rsquo;\u00e9nergie renouvelable.<\/p>\n\n\n\n<p>Le dernier exemple en date, et non des moindres, est celui du ministre Bihet qui a laiss\u00e9 passer sa propre \u00e9ch\u00e9ance pour le relancement de l&rsquo;appel d&rsquo;offres du parc \u00e9olien offshore Princesse \u00c9lisabeth, un projet qui pourrait couvrir jusqu&rsquo;\u00e0 16% de la demande \u00e9lectrique belge \u00e0 partir de 2031. Parall\u00e8lement, des \u00e9l\u00e9ments essentiels, comme l&rsquo;\u00eele \u00e9nerg\u00e9tique, sont revus \u00e0 la baisse en termes d&rsquo;ambition. En pleine crise \u00e9nerg\u00e9tique, l&rsquo;un des projets les plus importants pour la s\u00e9curit\u00e9 d&rsquo;approvisionnement ne parvient pas \u00e0 d\u00e9coller. \u00ab <em>Apr\u00e8s un an et demi de mandat, la s\u00e9curit\u00e9 des investissements est sap\u00e9e et les infrastructures cruciales sont retard\u00e9es. C&rsquo;est inacceptable<\/em> \u00bb, d\u00e9clare Nadia Cornejo, vice-pr\u00e9sidente de la Coalition Climat.<\/p>\n\n\n<h2 class=\"wp-block-heading\" id=\"quand-linaction-coute-cher\"><strong>Quand l&rsquo;inaction co\u00fbte cher<\/strong><\/h2>\n\n\n<p>Le timing de l&rsquo;immobilisme de Bihet ne pourrait pas \u00eatre pire. La r\u00e9cente escalade au Moyen-Orient montre \u00e0 quel point notre syst\u00e8me \u00e9nerg\u00e9tique est vuln\u00e9rable. Les prix du gaz ont doubl\u00e9, les prix du p\u00e9trole ont augment\u00e9 de 40 %.<\/p>\n\n\n\n<p>\u00ab <em>Ces chocs sont la cons\u00e9quence directe d&rsquo;un syst\u00e8me \u00e9nerg\u00e9tique qui reste d\u00e9pendant des importations fossiles <\/em>\u00bb, affirme Nadia Cornejo, vice-pr\u00e9sidente de la Coalition Climat \u00ab <em>Les gens ordinaires paient aujourd&rsquo;hui le prix de ces ann\u00e9es de procrastination. L&rsquo;\u00e9nergie \u00e9olienne ne peut pas \u00eatre bloqu\u00e9e dans le d\u00e9troit d&rsquo;Ormuz. L&rsquo;\u00e9nergie solaire ne peut pas non plus \u00eatre prise en otage par les caprices de Trump<\/em>. \u00bb<\/p>\n\n\n\n<p>La comparaison avec les pays voisins est frappante. L\u00e0 o\u00f9 l&rsquo;Espagne, en misant r\u00e9solument sur les \u00e9nergies renouvelables, affiche des prix de l&rsquo;\u00e9lectricit\u00e9 autour de 14 euros par MWh, ceux-ci d\u00e9passent les 100 euros par MWh en Belgique. L&rsquo;Allemagne et le Royaume-Uni ont annonc\u00e9 en mars une forte mont\u00e9e en puissance de l&rsquo;\u00e9nergie \u00e9olienne. Au Royaume-Uni seulement, cet investissement fournit de l&rsquo;\u00e9lectricit\u00e9 \u00e0 23 millions de foyers et \u00e9vite l&rsquo;importation d&rsquo;environ 80 m\u00e9thaniers par an. C\u2019est le r\u00e9sultat d&rsquo;une volont\u00e9 politique. On l&rsquo;attend encore en Belgique.<\/p>\n\n\n\n<p>Le gouvernement actuel se concentre sur des mesures \u00e0 court terme pour att\u00e9nuer l&rsquo;impact de la hausse des prix. Mais sans choix structurels <em>pour une<\/em> vision long-terme, c&rsquo;est traiter le sympt\u00f4me sans s&rsquo;attaquer \u00e0 la cause. Lors de la crise \u00e9nerg\u00e9tique de 2022, environ la moiti\u00e9 du gaz russe d\u00e9faillant a \u00e9t\u00e9 remplac\u00e9e par des \u00e9nergies renouvelables et des pompes \u00e0 chaleur. \u00ab <em>La le\u00e7on avait \u00e9t\u00e9 tir\u00e9e<\/em> \u00bb, souligne Nadia Cornejo. \u00ab <em>Pourtant, elle n&rsquo;est pas appliqu\u00e9e aujourd&rsquo;hui <\/em>\u00bb.<\/p>\n\n\n<h2 class=\"wp-block-heading\" id=\"une-majorite-de-citoyennes-pousse-pour-la-transition\"><strong>Une majorit\u00e9 de citoyen.ne.s pousse pour la transition<\/strong><\/h2>\n\n\n<p>Notre action n&rsquo;est pas isol\u00e9e. Une enqu\u00eate nationale r\u00e9cente (r\u00e9sultats du 24 avril 2026, SPF Sant\u00e9 publique) montre que 78 % de la population belge se pr\u00e9occupe toujours du changement climatique. Huit Belges sur dix souhaitent que leur gouvernement maintienne au moins les mesures climatiques actuelles, ou mette sur la table une politique climatique plus ambitieuse \u2014 et passe \u00e0 l&rsquo;action.<\/p>\n\n\n\n<p>Et, selon une enqu\u00eate men\u00e9e aupr\u00e8s de plus de 6 000 personnes en Belgique, France, Allemagne, Italie, Espagne et en Pologne, environ 60 % souhaitent que l&rsquo;Europe acc\u00e9l\u00e8re la transition vers les \u00e9nergies renouvelables ou au moins la poursuive au m\u00eame rythme.&nbsp;<\/p>\n\n\n\n<p>&nbsp;\u00ab <em>Le vent est favorable<\/em> \u00bb, dit Nadia Cornejo. \u00ab <em>Si le ministre veut bien l&rsquo;entendre.<\/em> \u00bb&nbsp;&nbsp;<\/p>\n\n\n<h2 class=\"wp-block-heading\" id=\"nos-demandes\"><strong>Nos demandes<\/strong><\/h2>\n\n\n<p>La Coalition Climat adresse trois demandes claires au ministre Bihet. Premi\u00e8rement, une clarification sans d\u00e9lai sur la mani\u00e8re dont la Belgique r\u00e9duira structurellement sa d\u00e9pendance aux fossiles. Deuxi\u00e8mement, la priorit\u00e9 au d\u00e9ploiement de l&rsquo;\u00e9olien offshore, y compris la zone Princesse \u00c9lisabeth et l&rsquo;\u00eele \u00e9nerg\u00e9tique. Troisi\u00e8mement, une vision \u00e9nerg\u00e9tique interf\u00e9d\u00e9rale ax\u00e9e sur la r\u00e9duction de la consommation, davantage d&rsquo;efficacit\u00e9 et une transition acc\u00e9l\u00e9r\u00e9e vers les \u00e9nergies renouvelables, avec une attention particuli\u00e8re pour la pr\u00e9carit\u00e9 \u00e9nerg\u00e9tique et la justice sociale.<\/p>\n\n\n\n<p>Alors, encore une fois, ministre Bihet\u2026 <strong>what&rsquo;s the plan ?<\/strong><\/p>\n\n\n\n<p><\/p>\n\n\n<h2 class=\"wp-block-heading\" id=\"infos-action\"><strong>Infos action<\/strong><\/h2>\n\n\n<ul class=\"wp-block-list\">\n<li>27 avril 2026 &#8211; 10:30<\/li>\n\n\n\n<li>Place de la Monnaie &#8211; 1000 Bruxelles<\/li>\n<\/ul>\n\n\n<h2 class=\"wp-block-heading\" id=\"infos-coalition-climat\"><strong>Infos Coalition Climat<\/strong><\/h2>\n\n\n<ul class=\"wp-block-list\">\n<li>La Coalition Climat rassemble un large \u00e9ventail de mouvements de jeunesse, mutualit\u00e9s, organisations environnementales, ONG, syndicats et mouvements citoyens de toute la Belgique.<\/li>\n\n\n\n<li>Pr\u00e8s de 100 organisations m\u00e8nent ensemble campagne pour une transition climatique juste.<\/li>\n<\/ul>\n\n\n<h2 class=\"wp-block-heading\" id=\"porteparoles\"><strong>Porte-paroles<\/strong><\/h2>\n\n\n<ul class=\"wp-block-list\">\n<li>FR \u2013 <strong>Nadia Cornejo<\/strong>, vice-pr\u00e9sidente et porte-parole <\/li>\n\n\n\n<li>NL \u2013 <strong>Kiki Berkers, <\/strong>coordinatrice politique<\/li>\n<\/ul>\n\n\n<h2 class=\"wp-block-heading\" id=\"contact-presse\"><strong>Contact presse<\/strong><\/h2>\n\n\n<ul class=\"wp-block-list\">\n<li><strong>Laurence Rouffart<\/strong>, charg\u00e9e de communication Coalition Climat<br><a href=\"mailto:com-press@coalitionclimat.be\">com-press@coalitionclimat.be<\/a> &#8211; +32 470 98 17 15 (FR)<\/li>\n<\/ul>\n\n\n\n<p><\/p>\n\n\n\n<p><\/p>\n\n\n\n<p><\/p>\n\n\n\n<p><a href=\"https:\/\/www.rtl.be\/page-videos\/belgique\/societe\/crise-energetique-la-coalition-climat-interpelle-le-ministre-mathieu-bihet\/2026-04-27\/video\/786996\" type=\"link\" id=\"https:\/\/www.rtl.be\/page-videos\/belgique\/societe\/crise-energetique-la-coalition-climat-interpelle-le-ministre-mathieu-bihet\/2026-04-27\/video\/786996\">JT RTL TVI <\/a><\/p>\n\n\n\n<p><\/p>\n","protected":false},"excerpt":{"rendered":"<p>La soci\u00e9t\u00e9 civile critique l&rsquo;absence du ministre de l&rsquo;\u00c9nergie&nbsp;avec une gigantesque facture sur la Place de la Monnaie Ce matin, la Monnaie \u00e0 Bruxelles offrait un spectacle inhabituel. Cette place [&hellip;]<\/p>\n","protected":false},"author":9,"featured_media":12115,"comment_status":"closed","ping_status":"closed","sticky":false,"template":"","format":"standard","meta":{"_acf_changed":false,"inline_featured_image":false,"_EventAllDay":false,"_EventTimezone":"","_EventStartDate":"","_EventEndDate":"","_EventStartDateUTC":"","_EventEndDateUTC":"","_EventShowMap":false,"_EventShowMapLink":false,"_EventURL":"","_EventCost":"","_EventCostDescription":"","_EventCurrencySymbol":"","_EventCurrencyCode":"","_EventCurrencyPosition":"","_EventDateTimeSeparator":"","_EventTimeRangeSeparator":"","_EventOrganizerID":[],"_EventVenueID":[],"_OrganizerEmail":"","_OrganizerPhone":"","_OrganizerWebsite":"","_VenueAddress":"","_VenueCity":"","_VenueCountry":"","_VenueProvince":"","_VenueState":"","_VenueZip":"","_VenuePhone":"","_VenueURL":"","_VenueStateProvince":"","_VenueLat":"","_VenueLng":"","_VenueShowMap":false,"_VenueShowMapLink":false,"footnotes":""},"categories":[1],"tags":[],"class_list":["post-12105","post","type-post","status-publish","format-standard","has-post-thumbnail","hentry","category-non-classe"],"acf":[],"yoast_head":"<!-- This site is optimized with the Yoast SEO plugin v27.2 - https:\/\/yoast.com\/product\/yoast-seo-wordpress\/ -->\n<title>\u00ab What&#039;s the plan, Bihet ? \u00bb - Coalition Climat<\/title>\n<meta name=\"robots\" content=\"index, follow, max-snippet:-1, max-image-preview:large, max-video-preview:-1\" \/>\n<link rel=\"canonical\" href=\"https:\/\/klimaatcoalitie-coalitionclimat.be\/fr\/whats-the-plan-bihet\/\" \/>\n<meta property=\"og:locale\" content=\"fr_FR\" \/>\n<meta property=\"og:type\" content=\"article\" \/>\n<meta property=\"og:title\" content=\"\u00ab What&#039;s the plan, Bihet ? \u00bb - Coalition Climat\" \/>\n<meta property=\"og:description\" content=\"La soci\u00e9t\u00e9 civile critique l&rsquo;absence du ministre de l&rsquo;\u00c9nergie&nbsp;avec une gigantesque facture sur la Place de la Monnaie Ce matin, la Monnaie \u00e0 Bruxelles offrait un spectacle inhabituel. Cette place [&hellip;]\" \/>\n<meta property=\"og:url\" content=\"https:\/\/klimaatcoalitie-coalitionclimat.be\/fr\/whats-the-plan-bihet\/\" \/>\n<meta property=\"og:site_name\" content=\"Coalition Climat\" \/>\n<meta property=\"article:published_time\" content=\"2026-04-27T09:13:46+00:00\" \/>\n<meta property=\"article:modified_time\" content=\"2026-04-28T08:12:22+00:00\" \/>\n<meta property=\"og:image\" content=\"https:\/\/klimaatcoalitie-coalitionclimat.be\/wp-content\/uploads\/2026\/04\/tdh0072.jpg\" \/>\n\t<meta property=\"og:image:width\" content=\"1920\" \/>\n\t<meta property=\"og:image:height\" content=\"1280\" \/>\n\t<meta property=\"og:image:type\" content=\"image\/jpeg\" \/>\n<meta name=\"author\" content=\"Laurence Rouffart\" \/>\n<meta name=\"twitter:card\" content=\"summary_large_image\" \/>\n<meta name=\"twitter:creator\" content=\"@octopix\" \/>\n<meta name=\"twitter:label1\" content=\"\u00c9crit par\" \/>\n\t<meta name=\"twitter:data1\" content=\"Laurence Rouffart\" \/>\n\t<meta name=\"twitter:label2\" content=\"Dur\u00e9e de lecture estim\u00e9e\" \/>\n\t<meta name=\"twitter:data2\" content=\"6 minutes\" \/>\n<script type=\"application\/ld+json\" class=\"yoast-schema-graph\">{\"@context\":\"https:\/\/schema.org\",\"@graph\":[{\"@type\":\"Article\",\"@id\":\"https:\/\/klimaatcoalitie-coalitionclimat.be\/fr\/whats-the-plan-bihet\/#article\",\"isPartOf\":{\"@id\":\"https:\/\/klimaatcoalitie-coalitionclimat.be\/fr\/whats-the-plan-bihet\/\"},\"author\":{\"name\":\"Laurence Rouffart\",\"@id\":\"https:\/\/klimaatcoalitie-coalitionclimat.be\/fr\/#\/schema\/person\/b510cacb932f5e7d0c1bc723542ddb8d\"},\"headline\":\"\u00ab What&rsquo;s the plan, Bihet ? \u00bb\",\"datePublished\":\"2026-04-27T09:13:46+00:00\",\"dateModified\":\"2026-04-28T08:12:22+00:00\",\"mainEntityOfPage\":{\"@id\":\"https:\/\/klimaatcoalitie-coalitionclimat.be\/fr\/whats-the-plan-bihet\/\"},\"wordCount\":1070,\"publisher\":{\"@id\":\"https:\/\/klimaatcoalitie-coalitionclimat.be\/fr\/#organization\"},\"image\":{\"@id\":\"https:\/\/klimaatcoalitie-coalitionclimat.be\/fr\/whats-the-plan-bihet\/#primaryimage\"},\"thumbnailUrl\":\"https:\/\/klimaatcoalitie-coalitionclimat.be\/wp-content\/uploads\/2026\/04\/tdh0072.jpg\",\"inLanguage\":\"fr-FR\"},{\"@type\":\"WebPage\",\"@id\":\"https:\/\/klimaatcoalitie-coalitionclimat.be\/fr\/whats-the-plan-bihet\/\",\"url\":\"https:\/\/klimaatcoalitie-coalitionclimat.be\/fr\/whats-the-plan-bihet\/\",\"name\":\"\u00ab What's the plan, Bihet ? \u00bb - Coalition Climat\",\"isPartOf\":{\"@id\":\"https:\/\/klimaatcoalitie-coalitionclimat.be\/fr\/#website\"},\"primaryImageOfPage\":{\"@id\":\"https:\/\/klimaatcoalitie-coalitionclimat.be\/fr\/whats-the-plan-bihet\/#primaryimage\"},\"image\":{\"@id\":\"https:\/\/klimaatcoalitie-coalitionclimat.be\/fr\/whats-the-plan-bihet\/#primaryimage\"},\"thumbnailUrl\":\"https:\/\/klimaatcoalitie-coalitionclimat.be\/wp-content\/uploads\/2026\/04\/tdh0072.jpg\",\"datePublished\":\"2026-04-27T09:13:46+00:00\",\"dateModified\":\"2026-04-28T08:12:22+00:00\",\"breadcrumb\":{\"@id\":\"https:\/\/klimaatcoalitie-coalitionclimat.be\/fr\/whats-the-plan-bihet\/#breadcrumb\"},\"inLanguage\":\"fr-FR\",\"potentialAction\":[{\"@type\":\"ReadAction\",\"target\":[\"https:\/\/klimaatcoalitie-coalitionclimat.be\/fr\/whats-the-plan-bihet\/\"]}]},{\"@type\":\"ImageObject\",\"inLanguage\":\"fr-FR\",\"@id\":\"https:\/\/klimaatcoalitie-coalitionclimat.be\/fr\/whats-the-plan-bihet\/#primaryimage\",\"url\":\"https:\/\/klimaatcoalitie-coalitionclimat.be\/wp-content\/uploads\/2026\/04\/tdh0072.jpg\",\"contentUrl\":\"https:\/\/klimaatcoalitie-coalitionclimat.be\/wp-content\/uploads\/2026\/04\/tdh0072.jpg\",\"width\":1920,\"height\":1280},{\"@type\":\"BreadcrumbList\",\"@id\":\"https:\/\/klimaatcoalitie-coalitionclimat.be\/fr\/whats-the-plan-bihet\/#breadcrumb\",\"itemListElement\":[{\"@type\":\"ListItem\",\"position\":1,\"name\":\"Accueil\",\"item\":\"https:\/\/klimaatcoalitie-coalitionclimat.be\/fr\/\"},{\"@type\":\"ListItem\",\"position\":2,\"name\":\"\u00ab What&rsquo;s the plan, Bihet ? \u00bb\"}]},{\"@type\":\"WebSite\",\"@id\":\"https:\/\/klimaatcoalitie-coalitionclimat.be\/fr\/#website\",\"url\":\"https:\/\/klimaatcoalitie-coalitionclimat.be\/fr\/\",\"name\":\"Coalition Climat\",\"description\":\"Verenigt, versterkt en mobiliseert iedereen in Belgi&euml; die ijvert voor een leefbaar klimaat.\",\"publisher\":{\"@id\":\"https:\/\/klimaatcoalitie-coalitionclimat.be\/fr\/#organization\"},\"potentialAction\":[{\"@type\":\"SearchAction\",\"target\":{\"@type\":\"EntryPoint\",\"urlTemplate\":\"https:\/\/klimaatcoalitie-coalitionclimat.be\/fr\/?s={search_term_string}\"},\"query-input\":{\"@type\":\"PropertyValueSpecification\",\"valueRequired\":true,\"valueName\":\"search_term_string\"}}],\"inLanguage\":\"fr-FR\"},{\"@type\":\"Organization\",\"@id\":\"https:\/\/klimaatcoalitie-coalitionclimat.be\/fr\/#organization\",\"name\":\"Coalition Climat\",\"url\":\"https:\/\/klimaatcoalitie-coalitionclimat.be\/fr\/\",\"logo\":{\"@type\":\"ImageObject\",\"inLanguage\":\"fr-FR\",\"@id\":\"https:\/\/klimaatcoalitie-coalitionclimat.be\/fr\/#\/schema\/logo\/image\/\",\"url\":\"https:\/\/klimaatcoalitie-coalitionclimat.be\/wp-content\/uploads\/2023\/07\/logo-sticker-full.svg\",\"contentUrl\":\"https:\/\/klimaatcoalitie-coalitionclimat.be\/wp-content\/uploads\/2023\/07\/logo-sticker-full.svg\",\"width\":297,\"height\":98,\"caption\":\"Coalition Climat\"},\"image\":{\"@id\":\"https:\/\/klimaatcoalitie-coalitionclimat.be\/fr\/#\/schema\/logo\/image\/\"}},{\"@type\":\"Person\",\"@id\":\"https:\/\/klimaatcoalitie-coalitionclimat.be\/fr\/#\/schema\/person\/b510cacb932f5e7d0c1bc723542ddb8d\",\"name\":\"Laurence Rouffart\",\"image\":{\"@type\":\"ImageObject\",\"inLanguage\":\"fr-FR\",\"@id\":\"https:\/\/klimaatcoalitie-coalitionclimat.be\/wp-content\/litespeed\/avatar\/68fdfa78d3500e6dc72b7857fc12833c.jpg?ver=1777393242\",\"url\":\"https:\/\/klimaatcoalitie-coalitionclimat.be\/wp-content\/litespeed\/avatar\/68fdfa78d3500e6dc72b7857fc12833c.jpg?ver=1777393242\",\"contentUrl\":\"https:\/\/klimaatcoalitie-coalitionclimat.be\/wp-content\/litespeed\/avatar\/68fdfa78d3500e6dc72b7857fc12833c.jpg?ver=1777393242\",\"caption\":\"Laurence Rouffart\"},\"sameAs\":[\"https:\/\/x.com\/octopix\"],\"url\":\"https:\/\/klimaatcoalitie-coalitionclimat.be\/fr\/author\/laurence\/\"}]}<\/script>\n<!-- \/ Yoast SEO plugin. -->","yoast_head_json":{"title":"\u00ab What's the plan, Bihet ? \u00bb - Coalition Climat","robots":{"index":"index","follow":"follow","max-snippet":"max-snippet:-1","max-image-preview":"max-image-preview:large","max-video-preview":"max-video-preview:-1"},"canonical":"https:\/\/klimaatcoalitie-coalitionclimat.be\/fr\/whats-the-plan-bihet\/","og_locale":"fr_FR","og_type":"article","og_title":"\u00ab What's the plan, Bihet ? \u00bb - Coalition Climat","og_description":"La soci\u00e9t\u00e9 civile critique l&rsquo;absence du ministre de l&rsquo;\u00c9nergie&nbsp;avec une gigantesque facture sur la Place de la Monnaie Ce matin, la Monnaie \u00e0 Bruxelles offrait un spectacle inhabituel. Cette place [&hellip;]","og_url":"https:\/\/klimaatcoalitie-coalitionclimat.be\/fr\/whats-the-plan-bihet\/","og_site_name":"Coalition Climat","article_published_time":"2026-04-27T09:13:46+00:00","article_modified_time":"2026-04-28T08:12:22+00:00","og_image":[{"width":1920,"height":1280,"url":"https:\/\/klimaatcoalitie-coalitionclimat.be\/wp-content\/uploads\/2026\/04\/tdh0072.jpg","type":"image\/jpeg"}],"author":"Laurence Rouffart","twitter_card":"summary_large_image","twitter_creator":"@octopix","twitter_misc":{"\u00c9crit par":"Laurence Rouffart","Dur\u00e9e de lecture estim\u00e9e":"6 minutes"},"schema":{"@context":"https:\/\/schema.org","@graph":[{"@type":"Article","@id":"https:\/\/klimaatcoalitie-coalitionclimat.be\/fr\/whats-the-plan-bihet\/#article","isPartOf":{"@id":"https:\/\/klimaatcoalitie-coalitionclimat.be\/fr\/whats-the-plan-bihet\/"},"author":{"name":"Laurence Rouffart","@id":"https:\/\/klimaatcoalitie-coalitionclimat.be\/fr\/#\/schema\/person\/b510cacb932f5e7d0c1bc723542ddb8d"},"headline":"\u00ab What&rsquo;s the plan, Bihet ? \u00bb","datePublished":"2026-04-27T09:13:46+00:00","dateModified":"2026-04-28T08:12:22+00:00","mainEntityOfPage":{"@id":"https:\/\/klimaatcoalitie-coalitionclimat.be\/fr\/whats-the-plan-bihet\/"},"wordCount":1070,"publisher":{"@id":"https:\/\/klimaatcoalitie-coalitionclimat.be\/fr\/#organization"},"image":{"@id":"https:\/\/klimaatcoalitie-coalitionclimat.be\/fr\/whats-the-plan-bihet\/#primaryimage"},"thumbnailUrl":"https:\/\/klimaatcoalitie-coalitionclimat.be\/wp-content\/uploads\/2026\/04\/tdh0072.jpg","inLanguage":"fr-FR"},{"@type":"WebPage","@id":"https:\/\/klimaatcoalitie-coalitionclimat.be\/fr\/whats-the-plan-bihet\/","url":"https:\/\/klimaatcoalitie-coalitionclimat.be\/fr\/whats-the-plan-bihet\/","name":"\u00ab What's the plan, Bihet ? \u00bb - Coalition Climat","isPartOf":{"@id":"https:\/\/klimaatcoalitie-coalitionclimat.be\/fr\/#website"},"primaryImageOfPage":{"@id":"https:\/\/klimaatcoalitie-coalitionclimat.be\/fr\/whats-the-plan-bihet\/#primaryimage"},"image":{"@id":"https:\/\/klimaatcoalitie-coalitionclimat.be\/fr\/whats-the-plan-bihet\/#primaryimage"},"thumbnailUrl":"https:\/\/klimaatcoalitie-coalitionclimat.be\/wp-content\/uploads\/2026\/04\/tdh0072.jpg","datePublished":"2026-04-27T09:13:46+00:00","dateModified":"2026-04-28T08:12:22+00:00","breadcrumb":{"@id":"https:\/\/klimaatcoalitie-coalitionclimat.be\/fr\/whats-the-plan-bihet\/#breadcrumb"},"inLanguage":"fr-FR","potentialAction":[{"@type":"ReadAction","target":["https:\/\/klimaatcoalitie-coalitionclimat.be\/fr\/whats-the-plan-bihet\/"]}]},{"@type":"ImageObject","inLanguage":"fr-FR","@id":"https:\/\/klimaatcoalitie-coalitionclimat.be\/fr\/whats-the-plan-bihet\/#primaryimage","url":"https:\/\/klimaatcoalitie-coalitionclimat.be\/wp-content\/uploads\/2026\/04\/tdh0072.jpg","contentUrl":"https:\/\/klimaatcoalitie-coalitionclimat.be\/wp-content\/uploads\/2026\/04\/tdh0072.jpg","width":1920,"height":1280},{"@type":"BreadcrumbList","@id":"https:\/\/klimaatcoalitie-coalitionclimat.be\/fr\/whats-the-plan-bihet\/#breadcrumb","itemListElement":[{"@type":"ListItem","position":1,"name":"Accueil","item":"https:\/\/klimaatcoalitie-coalitionclimat.be\/fr\/"},{"@type":"ListItem","position":2,"name":"\u00ab What&rsquo;s the plan, Bihet ? \u00bb"}]},{"@type":"WebSite","@id":"https:\/\/klimaatcoalitie-coalitionclimat.be\/fr\/#website","url":"https:\/\/klimaatcoalitie-coalitionclimat.be\/fr\/","name":"Coalition Climat","description":"Verenigt, versterkt en mobiliseert iedereen in Belgi&euml; die ijvert voor een leefbaar klimaat.","publisher":{"@id":"https:\/\/klimaatcoalitie-coalitionclimat.be\/fr\/#organization"},"potentialAction":[{"@type":"SearchAction","target":{"@type":"EntryPoint","urlTemplate":"https:\/\/klimaatcoalitie-coalitionclimat.be\/fr\/?s={search_term_string}"},"query-input":{"@type":"PropertyValueSpecification","valueRequired":true,"valueName":"search_term_string"}}],"inLanguage":"fr-FR"},{"@type":"Organization","@id":"https:\/\/klimaatcoalitie-coalitionclimat.be\/fr\/#organization","name":"Coalition Climat","url":"https:\/\/klimaatcoalitie-coalitionclimat.be\/fr\/","logo":{"@type":"ImageObject","inLanguage":"fr-FR","@id":"https:\/\/klimaatcoalitie-coalitionclimat.be\/fr\/#\/schema\/logo\/image\/","url":"https:\/\/klimaatcoalitie-coalitionclimat.be\/wp-content\/uploads\/2023\/07\/logo-sticker-full.svg","contentUrl":"https:\/\/klimaatcoalitie-coalitionclimat.be\/wp-content\/uploads\/2023\/07\/logo-sticker-full.svg","width":297,"height":98,"caption":"Coalition Climat"},"image":{"@id":"https:\/\/klimaatcoalitie-coalitionclimat.be\/fr\/#\/schema\/logo\/image\/"}},{"@type":"Person","@id":"https:\/\/klimaatcoalitie-coalitionclimat.be\/fr\/#\/schema\/person\/b510cacb932f5e7d0c1bc723542ddb8d","name":"Laurence Rouffart","image":{"@type":"ImageObject","inLanguage":"fr-FR","@id":"https:\/\/klimaatcoalitie-coalitionclimat.be\/wp-content\/litespeed\/avatar\/68fdfa78d3500e6dc72b7857fc12833c.jpg?ver=1777393242","url":"https:\/\/klimaatcoalitie-coalitionclimat.be\/wp-content\/litespeed\/avatar\/68fdfa78d3500e6dc72b7857fc12833c.jpg?ver=1777393242","contentUrl":"https:\/\/klimaatcoalitie-coalitionclimat.be\/wp-content\/litespeed\/avatar\/68fdfa78d3500e6dc72b7857fc12833c.jpg?ver=1777393242","caption":"Laurence Rouffart"},"sameAs":["https:\/\/x.com\/octopix"],"url":"https:\/\/klimaatcoalitie-coalitionclimat.be\/fr\/author\/laurence\/"}]}},"_links":{"self":[{"href":"https:\/\/klimaatcoalitie-coalitionclimat.be\/fr\/wp-json\/wp\/v2\/posts\/12105","targetHints":{"allow":["GET"]}}],"collection":[{"href":"https:\/\/klimaatcoalitie-coalitionclimat.be\/fr\/wp-json\/wp\/v2\/posts"}],"about":[{"href":"https:\/\/klimaatcoalitie-coalitionclimat.be\/fr\/wp-json\/wp\/v2\/types\/post"}],"author":[{"embeddable":true,"href":"https:\/\/klimaatcoalitie-coalitionclimat.be\/fr\/wp-json\/wp\/v2\/users\/9"}],"replies":[{"embeddable":true,"href":"https:\/\/klimaatcoalitie-coalitionclimat.be\/fr\/wp-json\/wp\/v2\/comments?post=12105"}],"version-history":[{"count":5,"href":"https:\/\/klimaatcoalitie-coalitionclimat.be\/fr\/wp-json\/wp\/v2\/posts\/12105\/revisions"}],"predecessor-version":[{"id":12131,"href":"https:\/\/klimaatcoalitie-coalitionclimat.be\/fr\/wp-json\/wp\/v2\/posts\/12105\/revisions\/12131"}],"wp:featuredmedia":[{"embeddable":true,"href":"https:\/\/klimaatcoalitie-coalitionclimat.be\/fr\/wp-json\/wp\/v2\/media\/12115"}],"wp:attachment":[{"href":"https:\/\/klimaatcoalitie-coalitionclimat.be\/fr\/wp-json\/wp\/v2\/media?parent=12105"}],"wp:term":[{"taxonomy":"category","embeddable":true,"href":"https:\/\/klimaatcoalitie-coalitionclimat.be\/fr\/wp-json\/wp\/v2\/categories?post=12105"},{"taxonomy":"post_tag","embeddable":true,"href":"https:\/\/klimaatcoalitie-coalitionclimat.be\/fr\/wp-json\/wp\/v2\/tags?post=12105"}],"curies":[{"name":"wp","href":"https:\/\/api.w.org\/{rel}","templated":true}]}}