{"id":4638,"global_id":"klimaatcoalitie-coalitionclimat.be\/fr\/?id=4638","global_id_lineage":["klimaatcoalitie-coalitionclimat.be\/fr\/?id=4638"],"author":"9","status":"publish","date":"2024-08-22 08:36:17","date_utc":"2024-08-22 06:36:17","modified":"2024-08-22 08:44:47","modified_utc":"2024-08-22 06:44:47","url":"https:\/\/klimaatcoalitie-coalitionclimat.be\/fr\/event\/et-toi-que-vois-tu-de-chez-toi\/","rest_url":"https:\/\/klimaatcoalitie-coalitionclimat.be\/fr\/wp-json\/tribe\/events\/v1\/events\/4638","title":"Comment vivez-vous ?","description":"<h1>Avez-vous acc\u00e8s \u00e0 un coin de nature ?<\/h1>\n<h3><\/h3>\n<h3>Y a-t-il assez de nature dans votre quartier ?<\/h3>\n<p>Greenpeace lance une enqu\u00eate aupr\u00e8s des citoyen\u00b7nes pour conna\u00eetre la situation de l&rsquo;acc\u00e8s \u00e0 la nature en Belgique. Nous le faisons selon la r\u00e8gle des 3-30-300 :<br \/>\nTout le monde devrait pouvoir voir 3 arbres depuis son domicile, vivre dans un quartier o\u00f9 30 % de l\u2019espace est compos\u00e9 de verdure et se trouver \u00e0 300 m\u00e8tres au maximum d&rsquo;un espace vert accessible au public.<\/p>\n<p>\u00cates-vous \u00e9galement curieux\u00b7se de savoir si votre quartier r\u00e9pond \u00e0 cette r\u00e8gle ?<\/p>\n<p>Avec votre aide, nous pouvons cartographier l&rsquo;acc\u00e8s \u00e0 la nature en Belgique.<\/p>\n<p><u><a href=\"https:\/\/www.facebook.com\/people\/DataLab\/61559706710432\/\" target=\"_blank\" rel=\"noopener\">Datalab<\/a><\/u>, une organisation de data scientists travaillant b\u00e9n\u00e9volement pour le bien commun, utilisera ces donn\u00e9es pour affiner une carte interactive sur l&rsquo;acc\u00e8s \u00e0 la nature.<\/p>\n<h2>R\u00e9pondez vite <a href=\"https:\/\/act.greenpeace.org\/page\/147956\/survey\/1?locale=fr-BE\">ici<\/a> \u00e0 l&rsquo;enqu\u00eate de Greenpeace.<\/h2>","excerpt":"","slug":"et-toi-que-vois-tu-de-chez-toi","image":{"url":"https:\/\/klimaatcoalitie-coalitionclimat.be\/wp-content\/uploads\/2024\/08\/gp-enquete-nature.png","id":4639,"extension":"png","width":2432,"height":1188,"filesize":208609,"sizes":{"medium":{"width":300,"height":147,"mime-type":"image\/png","filesize":22868,"url":"https:\/\/klimaatcoalitie-coalitionclimat.be\/wp-content\/uploads\/2024\/08\/gp-enquete-nature-300x147.png"},"large":{"width":1024,"height":500,"mime-type":"image\/png","filesize":97631,"url":"https:\/\/klimaatcoalitie-coalitionclimat.be\/wp-content\/uploads\/2024\/08\/gp-enquete-nature-1024x500.png"},"thumbnail":{"width":150,"height":150,"mime-type":"image\/png","filesize":11506,"url":"https:\/\/klimaatcoalitie-coalitionclimat.be\/wp-content\/uploads\/2024\/08\/gp-enquete-nature-150x150.png"},"medium_large":{"width":768,"height":375,"mime-type":"image\/png","filesize":69423,"url":"https:\/\/klimaatcoalitie-coalitionclimat.be\/wp-content\/uploads\/2024\/08\/gp-enquete-nature-768x375.png"},"1536x1536":{"width":1536,"height":750,"mime-type":"image\/png","filesize":159198,"url":"https:\/\/klimaatcoalitie-coalitionclimat.be\/wp-content\/uploads\/2024\/08\/gp-enquete-nature-1536x750.png"},"2048x2048":{"width":2048,"height":1000,"mime-type":"image\/png","filesize":226974,"url":"https:\/\/klimaatcoalitie-coalitionclimat.be\/wp-content\/uploads\/2024\/08\/gp-enquete-nature-2048x1000.png"},"thumbnail-12-cols-classic":{"width":1150,"height":665,"mime-type":"image\/png","filesize":120283,"url":"https:\/\/klimaatcoalitie-coalitionclimat.be\/wp-content\/uploads\/2024\/08\/gp-enquete-nature-1150x665.png"},"thumbnail-6-6-cols-classic":{"width":780,"height":580,"mime-type":"image\/png","filesize":76253,"url":"https:\/\/klimaatcoalitie-coalitionclimat.be\/wp-content\/uploads\/2024\/08\/gp-enquete-nature-780x580.png"},"thumbnail-4-4-4-cols-classic":{"width":750,"height":366,"mime-type":"image\/png","filesize":66998,"url":"https:\/\/klimaatcoalitie-coalitionclimat.be\/wp-content\/uploads\/2024\/08\/gp-enquete-nature-750x366.png"},"thumbnail-3-3-3-3-cols-classic":{"width":500,"height":244,"mime-type":"image\/png","filesize":42225,"url":"https:\/\/klimaatcoalitie-coalitionclimat.be\/wp-content\/uploads\/2024\/08\/gp-enquete-nature-500x244.png"},"thumbnail-12-cols-lateral":{"width":630,"height":630,"mime-type":"image\/png","filesize":61600,"url":"https:\/\/klimaatcoalitie-coalitionclimat.be\/wp-content\/uploads\/2024\/08\/gp-enquete-nature-630x630.png"},"thumbnail-6-6-cols-lateral":{"width":1200,"height":1188,"mime-type":"image\/png","filesize":100319,"url":"https:\/\/klimaatcoalitie-coalitionclimat.be\/wp-content\/uploads\/2024\/08\/gp-enquete-nature-1200x1188.png"},"thumbnail-single-post":{"width":1280,"height":750,"mime-type":"image\/png","filesize":138444,"url":"https:\/\/klimaatcoalitie-coalitionclimat.be\/wp-content\/uploads\/2024\/08\/gp-enquete-nature-1280x750.png"},"thumbnail-6-6-cols-left-modern":{"width":1500,"height":1188,"mime-type":"image\/png","filesize":126031,"url":"https:\/\/klimaatcoalitie-coalitionclimat.be\/wp-content\/uploads\/2024\/08\/gp-enquete-nature-1500x1188.png"},"custom-header":{"width":1850,"height":904,"mime-type":"image\/png","filesize":199230,"url":"https:\/\/klimaatcoalitie-coalitionclimat.be\/wp-content\/uploads\/2024\/08\/gp-enquete-nature-1850x904.png"},"cmplz_banner_image":{"width":350,"height":100,"mime-type":"image\/png","filesize":22069,"url":"https:\/\/klimaatcoalitie-coalitionclimat.be\/wp-content\/uploads\/2024\/08\/gp-enquete-nature-350x100.png"}}},"all_day":false,"start_date":"2024-08-22 08:00:00","start_date_details":{"year":"2024","month":"08","day":"22","hour":"08","minutes":"00","seconds":"00"},"end_date":"2024-10-04 17:00:00","end_date_details":{"year":"2024","month":"10","day":"04","hour":"17","minutes":"00","seconds":"00"},"utc_start_date":"2024-08-22 06:00:00","utc_start_date_details":{"year":"2024","month":"08","day":"22","hour":"06","minutes":"00","seconds":"00"},"utc_end_date":"2024-10-04 15:00:00","utc_end_date_details":{"year":"2024","month":"10","day":"04","hour":"15","minutes":"00","seconds":"00"},"timezone":"Europe\/Paris","timezone_abbr":"CEST","cost":"","cost_details":{"currency_symbol":"\u20ac","currency_code":"EUR","currency_position":"suffix","values":[]},"website":"https:\/\/act.greenpeace.org\/page\/147956\/survey\/1?locale=fr-BE","show_map":true,"show_map_link":true,"hide_from_listings":false,"sticky":false,"featured":false,"categories":[{"name":"Enqu\u00eates","slug":"enquetes","term_group":0,"term_taxonomy_id":381,"taxonomy":"tribe_events_cat","description":"","parent":0,"count":1,"filter":"raw","id":381,"urls":{"self":"https:\/\/klimaatcoalitie-coalitionclimat.be\/fr\/wp-json\/tribe\/events\/v1\/categories\/381","collection":"https:\/\/klimaatcoalitie-coalitionclimat.be\/fr\/wp-json\/tribe\/events\/v1\/categories"}}],"tags":[{"name":"arbres","slug":"arbres","term_group":0,"term_taxonomy_id":386,"taxonomy":"post_tag","description":"","parent":0,"count":1,"filter":"raw","id":386,"urls":{"self":"https:\/\/klimaatcoalitie-coalitionclimat.be\/fr\/wp-json\/tribe\/events\/v1\/tags\/386","collection":"https:\/\/klimaatcoalitie-coalitionclimat.be\/fr\/wp-json\/tribe\/events\/v1\/tags"}},{"name":"environnement","slug":"environnement","term_group":0,"term_taxonomy_id":385,"taxonomy":"post_tag","description":"","parent":0,"count":1,"filter":"raw","id":385,"urls":{"self":"https:\/\/klimaatcoalitie-coalitionclimat.be\/fr\/wp-json\/tribe\/events\/v1\/tags\/385","collection":"https:\/\/klimaatcoalitie-coalitionclimat.be\/fr\/wp-json\/tribe\/events\/v1\/tags"}},{"name":"Nature","slug":"nature","term_group":0,"term_taxonomy_id":382,"taxonomy":"post_tag","description":"","parent":0,"count":1,"filter":"raw","id":382,"urls":{"self":"https:\/\/klimaatcoalitie-coalitionclimat.be\/fr\/wp-json\/tribe\/events\/v1\/tags\/382","collection":"https:\/\/klimaatcoalitie-coalitionclimat.be\/fr\/wp-json\/tribe\/events\/v1\/tags"}},{"name":"parc","slug":"parc","term_group":0,"term_taxonomy_id":387,"taxonomy":"post_tag","description":"","parent":0,"count":1,"filter":"raw","id":387,"urls":{"self":"https:\/\/klimaatcoalitie-coalitionclimat.be\/fr\/wp-json\/tribe\/events\/v1\/tags\/387","collection":"https:\/\/klimaatcoalitie-coalitionclimat.be\/fr\/wp-json\/tribe\/events\/v1\/tags"}},{"name":"plaine de jeux","slug":"plaine-de-jeux","term_group":0,"term_taxonomy_id":388,"taxonomy":"post_tag","description":"","parent":0,"count":1,"filter":"raw","id":388,"urls":{"self":"https:\/\/klimaatcoalitie-coalitionclimat.be\/fr\/wp-json\/tribe\/events\/v1\/tags\/388","collection":"https:\/\/klimaatcoalitie-coalitionclimat.be\/fr\/wp-json\/tribe\/events\/v1\/tags"}},{"name":"quartier","slug":"quartier","term_group":0,"term_taxonomy_id":383,"taxonomy":"post_tag","description":"","parent":0,"count":1,"filter":"raw","id":383,"urls":{"self":"https:\/\/klimaatcoalitie-coalitionclimat.be\/fr\/wp-json\/tribe\/events\/v1\/tags\/383","collection":"https:\/\/klimaatcoalitie-coalitionclimat.be\/fr\/wp-json\/tribe\/events\/v1\/tags"}},{"name":"vue de chez soi","slug":"vue-de-chez-soi","term_group":0,"term_taxonomy_id":384,"taxonomy":"post_tag","description":"","parent":0,"count":1,"filter":"raw","id":384,"urls":{"self":"https:\/\/klimaatcoalitie-coalitionclimat.be\/fr\/wp-json\/tribe\/events\/v1\/tags\/384","collection":"https:\/\/klimaatcoalitie-coalitionclimat.be\/fr\/wp-json\/tribe\/events\/v1\/tags"}}],"venue":[],"organizer":[],"custom_fields":[],"json_ld":{"@context":"http:\/\/schema.org","@type":"Event","name":"Comment vivez-vous ?","description":"&lt;p&gt;Avez-vous acc\u00e8s \u00e0 un coin de nature ? Y a-t-il assez de nature dans votre quartier ? Greenpeace lance une enqu\u00eate aupr\u00e8s des citoyen\u00b7nes pour conna\u00eetre la situation de l\\'acc\u00e8s [&hellip;]&lt;\/p&gt;\\n","image":"https:\/\/klimaatcoalitie-coalitionclimat.be\/wp-content\/uploads\/2024\/08\/gp-enquete-nature.png","url":"https:\/\/klimaatcoalitie-coalitionclimat.be\/fr\/event\/et-toi-que-vois-tu-de-chez-toi\/","eventAttendanceMode":"https:\/\/schema.org\/OfflineEventAttendanceMode","eventStatus":"https:\/\/schema.org\/EventScheduled","startDate":"2024-08-22T08:00:00+02:00","endDate":"2024-10-04T17:00:00+02:00","performer":"Organization"}}