{"id":1889,"global_id":"klimaatcoalitie-coalitionclimat.be\/fr\/?id=1889","global_id_lineage":["klimaatcoalitie-coalitionclimat.be\/fr\/?id=1889"],"author":"143","status":"publish","date":"2023-09-13 12:31:09","date_utc":"2023-09-13 10:31:09","modified":"2023-11-13 09:42:21","modified_utc":"2023-11-13 08:42:21","url":"https:\/\/klimaatcoalitie-coalitionclimat.be\/fr\/event\/atelier-bannieres\/","rest_url":"https:\/\/klimaatcoalitie-coalitionclimat.be\/fr\/wp-json\/tribe\/events\/v1\/events\/1889","title":"Atelier banni\u00e8res","description":"<p>Le 2 d\u00e9cembre, la CoalitionClimat organisera un atelier pour fabriquer ensemble des banderoles et des pancartes. Vous pourrez ensuite les r\u00e9cup\u00e9rer au stand de Greenpeace au d\u00e9but de la marche.<\/p>\n<p>Informations pratiques :<\/p>\n<ul>\n<li>Quand ? Le 2 d\u00e9cembre de 14h00 \u00e0 18h00, vous \u00eates les bienvenus au warehouse de Greenpeace<\/li>\n<li>O\u00f9 ? Rue Claessens 53, 1020 Laeken<\/li>\n<li>Que pouvez-vous apporter ?\u00a0 Toi-m\u00eame, tes ami.e.s ou famille et &#8230; des id\u00e9es sympas \u00e0 peindre sur ta banni\u00e8re\/placard. Tout le mat\u00e9riel sera fourni !<\/li>\n<\/ul>","excerpt":"","slug":"atelier-bannieres","image":{"url":"https:\/\/klimaatcoalitie-coalitionclimat.be\/wp-content\/uploads\/2023\/08\/ecole-commune-saint-vast1.jpg","id":1691,"extension":"jpg","width":720,"height":960,"hwstring_small":"height='96' width='72'","sizes":{"thumbnail":{"width":150,"height":150,"mime-type":"image\/jpeg","filesize":11038,"url":"https:\/\/klimaatcoalitie-coalitionclimat.be\/wp-content\/uploads\/2023\/08\/ecole-commune-saint-vast1-150x150.jpg"},"medium":{"width":225,"height":300,"mime-type":"image\/jpeg","filesize":26884,"url":"https:\/\/klimaatcoalitie-coalitionclimat.be\/wp-content\/uploads\/2023\/08\/ecole-commune-saint-vast1-225x300.jpg"},"thumbnail-12-cols-classic":{"width":720,"height":665,"mime-type":"image\/jpeg","filesize":166135,"url":"https:\/\/klimaatcoalitie-coalitionclimat.be\/wp-content\/uploads\/2023\/08\/ecole-commune-saint-vast1-720x665.jpg"},"thumbnail-6-6-cols-classic":{"width":720,"height":580,"mime-type":"image\/jpeg","filesize":142876,"url":"https:\/\/klimaatcoalitie-coalitionclimat.be\/wp-content\/uploads\/2023\/08\/ecole-commune-saint-vast1-720x580.jpg"},"thumbnail-4-4-4-cols-classic":{"width":720,"height":600,"mime-type":"image\/jpeg","filesize":149971,"url":"https:\/\/klimaatcoalitie-coalitionclimat.be\/wp-content\/uploads\/2023\/08\/ecole-commune-saint-vast1-720x600.jpg"},"thumbnail-3-3-3-3-cols-classic":{"width":278,"height":370,"mime-type":"image\/jpeg","filesize":38813,"url":"https:\/\/klimaatcoalitie-coalitionclimat.be\/wp-content\/uploads\/2023\/08\/ecole-commune-saint-vast1-278x370.jpg"},"thumbnail-12-cols-lateral":{"width":630,"height":630,"mime-type":"image\/jpeg","filesize":132339,"url":"https:\/\/klimaatcoalitie-coalitionclimat.be\/wp-content\/uploads\/2023\/08\/ecole-commune-saint-vast1-630x630.jpg"},"thumbnail-single-post":{"width":720,"height":750,"mime-type":"image\/jpeg","filesize":181435,"url":"https:\/\/klimaatcoalitie-coalitionclimat.be\/wp-content\/uploads\/2023\/08\/ecole-commune-saint-vast1-720x750.jpg"}}},"all_day":false,"start_date":"2023-12-02 14:00:00","start_date_details":{"year":"2023","month":"12","day":"02","hour":"14","minutes":"00","seconds":"00"},"end_date":"2023-12-02 18:00:00","end_date_details":{"year":"2023","month":"12","day":"02","hour":"18","minutes":"00","seconds":"00"},"utc_start_date":"2023-12-02 13:00:00","utc_start_date_details":{"year":"2023","month":"12","day":"02","hour":"13","minutes":"00","seconds":"00"},"utc_end_date":"2023-12-02 17:00:00","utc_end_date_details":{"year":"2023","month":"12","day":"02","hour":"17","minutes":"00","seconds":"00"},"timezone":"Europe\/Paris","timezone_abbr":"CET","cost":"","cost_details":{"currency_symbol":"","currency_code":"","currency_position":"suffix","values":[]},"website":"","show_map":true,"show_map_link":true,"hide_from_listings":false,"sticky":false,"featured":false,"categories":[],"tags":[],"venue":{"id":2463,"author":"143","status":"publish","date":"2023-11-13 09:46:18","date_utc":"2023-11-13 08:46:18","modified":"2023-11-13 09:46:18","modified_utc":"2023-11-13 08:46:18","url":"https:\/\/klimaatcoalitie-coalitionclimat.be\/lieu\/greenpeace-warehouse\/","venue":"Greenpeace warehouse","slug":"greenpeace-warehouse","address":"Claessensstraat, 53","city":"Brussels","country":"Belgique","zip":"1020","json_ld":{"@type":"Place","name":"Greenpeace warehouse","description":"","url":"","address":{"@type":"PostalAddress","streetAddress":"Claessensstraat, 53","addressLocality":"Brussels","postalCode":"1020","addressCountry":"Belgique"},"telephone":"","sameAs":""},"show_map":true,"show_map_link":true,"global_id":"klimaatcoalitie-coalitionclimat.be\/fr\/?id=2463","global_id_lineage":["klimaatcoalitie-coalitionclimat.be\/fr\/?id=2463"]},"organizer":[],"custom_fields":[],"json_ld":{"@context":"http:\/\/schema.org","@type":"Event","name":"Atelier banni\u00e8res","description":"&lt;p&gt;Le 2 d\u00e9cembre, la CoalitionClimat organisera un atelier pour fabriquer ensemble des banderoles et des pancartes. Vous pourrez ensuite les r\u00e9cup\u00e9rer au stand de Greenpeace au d\u00e9but de la marche. [&hellip;]&lt;\/p&gt;\\n","image":"https:\/\/klimaatcoalitie-coalitionclimat.be\/wp-content\/uploads\/2023\/08\/ecole-commune-saint-vast1.jpg","url":"https:\/\/klimaatcoalitie-coalitionclimat.be\/fr\/event\/atelier-bannieres\/","eventAttendanceMode":"https:\/\/schema.org\/OfflineEventAttendanceMode","eventStatus":"https:\/\/schema.org\/EventScheduled","startDate":"2023-12-02T14:00:00+01:00","endDate":"2023-12-02T18:00:00+01:00","location":{"@type":"Place","name":"Greenpeace warehouse","description":"","url":"","address":{"@type":"PostalAddress","streetAddress":"Claessensstraat, 53","addressLocality":"Brussels","postalCode":"1020","addressCountry":"Belgique"},"telephone":"","sameAs":""},"performer":"Organization"}}